{"id":10878,"date":"2022-12-12T18:51:11","date_gmt":"2022-12-12T23:51:11","guid":{"rendered":"https:\/\/podernacional.com\/?p=10878"},"modified":"2022-12-12T23:51:12","modified_gmt":"2022-12-12T23:51:12","slug":"mundial-qatar-2022-la-previa-de-la-semifinal-argentina-croacia-el-banderazo-en-doha-tuvo-un-fuerte-apoyo-a-messi","status":"publish","type":"post","link":"https:\/\/podernacional.com\/?p=10878","title":{"rendered":"Mundial Qatar 2022. La previa de la semifinal Argentina-Croacia: el banderazo en Doha tuvo un fuerte apoyo a Messi"},"content":{"rendered":"<h4>Banderazo de hinchas argentinos en Qatar, en la previa de la semifinal contra Croacia<\/h4>\n<p>La previa de la semifinal: \u00bfEl s\u00e1bado habr\u00e1 otro banderazo?<\/p>\n<p>Eso depender\u00e1 de lo que pase este martes en el estadio de Lusail entre Argentina y Croacia. Como sucedi\u00f3 desde que arranc\u00f3 el Mundial.<\/p>\n<p>As\u00ed como, cada d\u00eda previo a un partido de la Selecci\u00f3n hubo concentraci\u00f3n de hinchas en el centro de Doha.<\/p>\n<p>Los c\u00e1nticos de apoyo, esta vez, tuvieron un destinatario especial: Leo Messi.<\/p>\n<p>La arenga al capit\u00e1n lleg\u00f3 despu\u00e9s del dur\u00edsimo partido de cuartos final frente a Pa\u00edses Bajos.<\/p>\n<p>Esto\u00a0en la previa del trascendental choque de semifinales de esta martes frente al equipo de Luka Modric.<\/p>\n<h4>Banderazo argentino en la previa del partido contra Croacia.<\/h4>\n<p>La locaci\u00f3n fue la misma de los \u00faltimos cuatro partidos mundialistas aqu\u00ed en Qatar.<\/p>\n<p>Adem\u00e1s de\u00a0(la derrota en el debut contra los sauditas oblig\u00f3 a cambiar la sede por una cuesti\u00f3n de c\u00e1balas).<\/p>\n<p>En el mercado de Souq Waqif volvi\u00f3 a escucharse con fuerza el \u201cque de la mano de Leo Messi\u201d.<\/p>\n<p>As\u00ed como \u201cque ma\u00f1ana cueste lo que cueste, que ma\u00f1ana tenemos que ganar\u201d.<\/p>\n<p>El de banderazo previo al cruce con Croacia fue, sorpresivamente, el que menos asistencia tuvo.<\/p>\n<p>Arranc\u00f3 t\u00edmidamente minutos antes de las 7 de la tarde, hora local, pero nunca lleg\u00f3 a contagiar el ambiente de las versiones anteriores.<\/p>\n<p>En la previa del partido con M\u00e9xico, por ejemplo, despu\u00e9s del golpe en el debut con Arabia Saudita.<\/p>\n<h4>As\u00ed como\u00a0la polic\u00eda tuvo que cerrar el ingreso al c\u00e9ntrico mercado.<\/h4>\n<p>En el pa\u00eds sede del Mundial van quedando cada vez menos visitantes. De las cuatro selecciones en semifinales.<\/p>\n<p>Adem\u00e1s de que\u00a0solo dos tienen convocatoria propia: Marruecos y Argentina. Croatas y franceses casi ni se distinguen lugares p\u00fablicos.<\/p>\n<p>Entre los argentinos hubo este lunes una mezcla de tranquilidad pero tambi\u00e9n de tensi\u00f3n a medida que se acerca la hora del partido.<\/p>\n<p>\u201cNo nos vamos nada, que nos saquen a patadas\u201d.<\/p>\n<p>Al igual de que cantaban los argentinos cuando la polic\u00eda intent\u00f3 desalojarlos una hora despu\u00e9s de comenzado el banderazo.<\/p>\n<p>Sin embargo, una hora despu\u00e9s de iniciado, el banderazo se fue apagando.<\/p>\n<p>Al igual de la desconcentraci\u00f3n le dio paso a una noche de poco sue\u00f1o y mucha adrenalina.<\/p>\n","protected":false},"excerpt":{"rendered":"<p>Banderazo de hinchas argentinos en Qatar, en la previa de la semifinal contra Croacia La previa de la semifinal: \u00bfEl s\u00e1bado habr\u00e1 otro banderazo? Eso depender\u00e1 de lo que pase este martes en el estadio de Lusail entre Argentina y Croacia. Como sucedi\u00f3 desde que arranc\u00f3 el Mundial. As\u00ed como, cada d\u00eda previo a un [&hellip;]<\/p>\n","protected":false},"author":1,"featured_media":10880,"comment_status":"open","ping_status":"closed","sticky":false,"template":"","format":"standard","meta":{"footnotes":""},"categories":[3],"tags":[],"class_list":["post-10878","post","type-post","status-publish","format-standard","has-post-thumbnail","hentry","category-deportes"],"_links":{"self":[{"href":"https:\/\/podernacional.com\/index.php?rest_route=\/wp\/v2\/posts\/10878","targetHints":{"allow":["GET"]}}],"collection":[{"href":"https:\/\/podernacional.com\/index.php?rest_route=\/wp\/v2\/posts"}],"about":[{"href":"https:\/\/podernacional.com\/index.php?rest_route=\/wp\/v2\/types\/post"}],"author":[{"embeddable":true,"href":"https:\/\/podernacional.com\/index.php?rest_route=\/wp\/v2\/users\/1"}],"replies":[{"embeddable":true,"href":"https:\/\/podernacional.com\/index.php?rest_route=%2Fwp%2Fv2%2Fcomments&post=10878"}],"version-history":[{"count":1,"href":"https:\/\/podernacional.com\/index.php?rest_route=\/wp\/v2\/posts\/10878\/revisions"}],"predecessor-version":[{"id":10879,"href":"https:\/\/podernacional.com\/index.php?rest_route=\/wp\/v2\/posts\/10878\/revisions\/10879"}],"wp:featuredmedia":[{"embeddable":true,"href":"https:\/\/podernacional.com\/index.php?rest_route=\/wp\/v2\/media\/10880"}],"wp:attachment":[{"href":"https:\/\/podernacional.com\/index.php?rest_route=%2Fwp%2Fv2%2Fmedia&parent=10878"}],"wp:term":[{"taxonomy":"category","embeddable":true,"href":"https:\/\/podernacional.com\/index.php?rest_route=%2Fwp%2Fv2%2Fcategories&post=10878"},{"taxonomy":"post_tag","embeddable":true,"href":"https:\/\/podernacional.com\/index.php?rest_route=%2Fwp%2Fv2%2Ftags&post=10878"}],"curies":[{"name":"wp","href":"https:\/\/api.w.org\/{rel}","templated":true}]}}