{"id":10884,"date":"2022-12-12T19:00:08","date_gmt":"2022-12-13T00:00:08","guid":{"rendered":"https:\/\/podernacional.com\/?p=10884"},"modified":"2022-12-13T00:00:10","modified_gmt":"2022-12-13T00:00:10","slug":"presentan-contenedor-de-la-capsula-del-tiempo-para-los-100-anos-de-cancun","status":"publish","type":"post","link":"https:\/\/podernacional.com\/?p=10884","title":{"rendered":"Presentan contenedor de la c\u00e1psula del tiempo para los 100 a\u00f1os de Canc\u00fan"},"content":{"rendered":"<h4>Se tiene ya todo un programa establecido para instalar la c\u00e1psula en su nicho, y de cu\u00e1ndo va a ser abierta<\/h4>\n<p>Contenedor de la c\u00e1psula: Presentan contenedor de la c\u00e1psula del tiempo para los 100 a\u00f1os de Canc\u00fan<\/p>\n<p>Querencias, ideas y conceptos que cada uno de los fundadores desea dejar como mensaje a su descendencia.<\/p>\n<p>As\u00ed como a sus hijos que ya estar\u00e1n en la 3\u00aa edad y a sus nietos e incluso en algunos casos a bisnietos.<\/p>\n<p>Los cuales ser\u00e1n guardadas en la c\u00e1psula del tiempo que se abrir\u00e1 con motivo del aniversario n\u00famero 100 de la ciudad de Canc\u00fan.<\/p>\n<p>El cual explic\u00f3 Jaime Novelo Montalvo, secretario de la organizaci\u00f3n Fundadores de Canc\u00fan A.C, durante la develaci\u00f3n del contenedor que preservar\u00e1 esta c\u00e1psula.<\/p>\n<p>Ser\u00e1n cartas las que se van a almacenar y que estar\u00e1n totalmente seguras porque el contenedor se hizo de acero inoxidable.<\/p>\n<h4>Adem\u00e1s de que\u00a0se tiene ya todo un programa establecido para instalar la c\u00e1psula en su nicho, de cu\u00e1ndo se va a abrir.<\/h4>\n<p>As\u00ed como de\u00a0qui\u00e9nes la van a custodiar y todo va a ser ante notario.<\/p>\n<p>Con una aportaci\u00f3n de mil pesos para los Fundadores se tendr\u00e1 derecho a registrarse.<\/p>\n<p>El cual se\u00a0firmar el acta compromiso del testimoniante ante la Notar\u00eda P\u00fablica No. 2.<\/p>\n<p>Lugar en donde recibir\u00e1n su kit de participaci\u00f3n que consta de 2 hojas membretadas, 1 pluma con tinta indeleble y 1 copia del acta firmada.<\/p>\n<p>Las firmas iniciaron este 10 de diciembre, la segunda fecha ser\u00e1 el 7 de enero.<\/p>\n<p>Esto el 4 de febrero y el 4 de marzo de 2023.<\/p>\n<p>Presentan contenedor de la c\u00e1psula del tiempo para los 100 a\u00f1os de <a href=\"https:\/\/whatsappmexico.com\/?p=11056\">Canc\u00fan<\/a><\/p>\n","protected":false},"excerpt":{"rendered":"<p>Se tiene ya todo un programa establecido para instalar la c\u00e1psula en su nicho, y de cu\u00e1ndo va a ser abierta Contenedor de la c\u00e1psula: Presentan contenedor de la c\u00e1psula del tiempo para los 100 a\u00f1os de Canc\u00fan Querencias, ideas y conceptos que cada uno de los fundadores desea dejar como mensaje a su descendencia. [&hellip;]<\/p>\n","protected":false},"author":1,"featured_media":10886,"comment_status":"open","ping_status":"closed","sticky":false,"template":"","format":"standard","meta":{"footnotes":""},"categories":[6],"tags":[],"class_list":["post-10884","post","type-post","status-publish","format-standard","has-post-thumbnail","hentry","category-local"],"_links":{"self":[{"href":"https:\/\/podernacional.com\/index.php?rest_route=\/wp\/v2\/posts\/10884","targetHints":{"allow":["GET"]}}],"collection":[{"href":"https:\/\/podernacional.com\/index.php?rest_route=\/wp\/v2\/posts"}],"about":[{"href":"https:\/\/podernacional.com\/index.php?rest_route=\/wp\/v2\/types\/post"}],"author":[{"embeddable":true,"href":"https:\/\/podernacional.com\/index.php?rest_route=\/wp\/v2\/users\/1"}],"replies":[{"embeddable":true,"href":"https:\/\/podernacional.com\/index.php?rest_route=%2Fwp%2Fv2%2Fcomments&post=10884"}],"version-history":[{"count":1,"href":"https:\/\/podernacional.com\/index.php?rest_route=\/wp\/v2\/posts\/10884\/revisions"}],"predecessor-version":[{"id":10885,"href":"https:\/\/podernacional.com\/index.php?rest_route=\/wp\/v2\/posts\/10884\/revisions\/10885"}],"wp:featuredmedia":[{"embeddable":true,"href":"https:\/\/podernacional.com\/index.php?rest_route=\/wp\/v2\/media\/10886"}],"wp:attachment":[{"href":"https:\/\/podernacional.com\/index.php?rest_route=%2Fwp%2Fv2%2Fmedia&parent=10884"}],"wp:term":[{"taxonomy":"category","embeddable":true,"href":"https:\/\/podernacional.com\/index.php?rest_route=%2Fwp%2Fv2%2Fcategories&post=10884"},{"taxonomy":"post_tag","embeddable":true,"href":"https:\/\/podernacional.com\/index.php?rest_route=%2Fwp%2Fv2%2Ftags&post=10884"}],"curies":[{"name":"wp","href":"https:\/\/api.w.org\/{rel}","templated":true}]}}