{"id":10890,"date":"2022-12-13T17:42:55","date_gmt":"2022-12-13T22:42:55","guid":{"rendered":"https:\/\/podernacional.com\/?p=10890"},"modified":"2022-12-13T22:42:56","modified_gmt":"2022-12-13T22:42:56","slug":"el-festival-de-san-sebastian-salvaguarda-sus-memorias-al-restaurar-y-digitalizar-miles-de-archivos-historicos","status":"publish","type":"post","link":"https:\/\/podernacional.com\/?p=10890","title":{"rendered":"El Festival de San Sebasti\u00e1n \u00absalvaguarda\u00bb sus memorias al restaurar y digitalizar miles de archivos hist\u00f3ricos"},"content":{"rendered":"<h4>El actor Jos\u00e9 Sacrist\u00e1n ha acudido a la presentaci\u00f3n de Artxiboa, la p\u00e1gina web que recoge los 70 a\u00f1os de historia del Festival de San Sebasti\u00e1n.<\/h4>\n<p>El Festival de San Sebasti\u00e1n ha presentado este martes en Madrid la p\u00e1gina web Artxiboa.<\/p>\n<p>Lugar\u00a0donde se aloja su archivo hist\u00f3rico con miles de documentos restaurados.<\/p>\n<p>As\u00ed como digitalizados para preservar \u00abla memoria de un festival, de una ciudad, de una comunidad aut\u00f3noma.<\/p>\n<p>Adem\u00e1s\u00a0de un pa\u00eds\u00bb a nivel pol\u00edtico, social, cultural y cinematogr\u00e1fico, como ha celebrado el director del Festival, Jos\u00e9 Luis Rebordinos.<\/p>\n<p>El proyecto ha garantizado la \u00absalvaguarda\u00bb y \u00abla puesta en valor\u00bb de \u00abun importante patrimonio\u00bb.<\/p>\n<p>El cual seg\u00fan ha comentado el investigador principal Pablo La Parra, que ha destacado que:<\/p>\n<p>\u00abSi este proyecto no hubiera existido, estos materiales se hubieran perdido\u00bb.<\/p>\n<p>Por ello, ha asegurado que \u00abestas historias potenciales solo van a ser contadas ahora que las miradas van a poder acceder a ellas\u00bb.<\/p>\n<p>El material seleccionado estaba acumulado en una nave a las afueras de San Sebasti\u00e1n, como han expresado ambas personalidades.<\/p>\n<h4>Sin embargo, ahora se ha digitalizado en la p\u00e1gina web Artxiboa y se podr\u00e1n ver en la a Filmoteca Vasca.<\/h4>\n<p>\u00abHa sido un reto may\u00fasculo por las miles de cajas que hab\u00eda y por fin se tiene un archivo duradero, accesible y vivo\u201d.<\/p>\n<p>\u201cLos resultados han superado las expectativas\u00bb<\/p>\n<p>La p\u00e1gina web ofrece un cat\u00e1logo de m\u00e1s de 27.000 fichas descriptivas de materiales que podr\u00e1n ser examinados a petici\u00f3n de profesionales.<\/p>\n<p>Al igual de\u00a0especialistas del \u00e1mbito docente e investigador.<\/p>\n<p>Adem\u00e1s, cuenta con m\u00e1s de 3.000 fotograf\u00edas del fondo propio del Festival.<\/p>\n<p>As\u00ed como de 711 ejemplares de los diarios del Festival de los que se conservan n\u00fameros fechados entre 1954 y la actualidad.<\/p>\n<p>Adem\u00e1s de 350 carteles de pr\u00e1cticamente todas sus ediciones, as\u00ed como materiales seleccionados del Archivo General y Prensa.<\/p>\n<h4>Asimismo, con el objetivo de seguir generando contenido.<\/h4>\n<p>As\u00ed como de\u00a0Pablo La Parra ha anunciado que cada mes se seleccionar\u00e1 un documento del archivo para compartir \u00abla riqueza\u00bb de los documentos.<\/p>\n<p>Tambi\u00e9n la web contiene un inventario que permite consultar m\u00e1s de 27.000 registros de catalogaci\u00f3n.<\/p>\n<p>Los cuales\u00a0correspondientes a objetos que se conservan en el archivo y que, con independencia de si est\u00e1n o no digitalizados.<\/p>\n<p>Adem\u00e1s de\u00a0aparecen convenientemente descritos y localizados.<\/p>\n<p>El director del Festival ha recordado las dificultades que se encontraron cuando arranc\u00f3 este proyecto en el 2018.<\/p>\n<p>Adem\u00e1s del\u00a0puesto que no sab\u00edan qu\u00e9 se pod\u00edan encontrar y c\u00f3mo estar\u00eda.<\/p>\n<p>\u00abEl archivo tiene 70 a\u00f1os, como el Festival, y estaba en un almac\u00e9n lleno de cajas pero que no pod\u00edamos restaurarlos ni digitalizarlos\u201d.<\/p>\n<p>\u201cEsto\u00a0por razones t\u00e9cnicas y econ\u00f3micas\u00bb, ha explicado.<\/p>\n","protected":false},"excerpt":{"rendered":"<p>El actor Jos\u00e9 Sacrist\u00e1n ha acudido a la presentaci\u00f3n de Artxiboa, la p\u00e1gina web que recoge los 70 a\u00f1os de historia del Festival de San Sebasti\u00e1n. El Festival de San Sebasti\u00e1n ha presentado este martes en Madrid la p\u00e1gina web Artxiboa. Lugar\u00a0donde se aloja su archivo hist\u00f3rico con miles de documentos restaurados. As\u00ed como digitalizados [&hellip;]<\/p>\n","protected":false},"author":1,"featured_media":10892,"comment_status":"open","ping_status":"closed","sticky":false,"template":"","format":"standard","meta":{"footnotes":""},"categories":[2],"tags":[],"class_list":["post-10890","post","type-post","status-publish","format-standard","has-post-thumbnail","hentry","category-cultural"],"_links":{"self":[{"href":"https:\/\/podernacional.com\/index.php?rest_route=\/wp\/v2\/posts\/10890","targetHints":{"allow":["GET"]}}],"collection":[{"href":"https:\/\/podernacional.com\/index.php?rest_route=\/wp\/v2\/posts"}],"about":[{"href":"https:\/\/podernacional.com\/index.php?rest_route=\/wp\/v2\/types\/post"}],"author":[{"embeddable":true,"href":"https:\/\/podernacional.com\/index.php?rest_route=\/wp\/v2\/users\/1"}],"replies":[{"embeddable":true,"href":"https:\/\/podernacional.com\/index.php?rest_route=%2Fwp%2Fv2%2Fcomments&post=10890"}],"version-history":[{"count":1,"href":"https:\/\/podernacional.com\/index.php?rest_route=\/wp\/v2\/posts\/10890\/revisions"}],"predecessor-version":[{"id":10891,"href":"https:\/\/podernacional.com\/index.php?rest_route=\/wp\/v2\/posts\/10890\/revisions\/10891"}],"wp:featuredmedia":[{"embeddable":true,"href":"https:\/\/podernacional.com\/index.php?rest_route=\/wp\/v2\/media\/10892"}],"wp:attachment":[{"href":"https:\/\/podernacional.com\/index.php?rest_route=%2Fwp%2Fv2%2Fmedia&parent=10890"}],"wp:term":[{"taxonomy":"category","embeddable":true,"href":"https:\/\/podernacional.com\/index.php?rest_route=%2Fwp%2Fv2%2Fcategories&post=10890"},{"taxonomy":"post_tag","embeddable":true,"href":"https:\/\/podernacional.com\/index.php?rest_route=%2Fwp%2Fv2%2Ftags&post=10890"}],"curies":[{"name":"wp","href":"https:\/\/api.w.org\/{rel}","templated":true}]}}