{"id":109,"date":"2020-06-02T23:14:32","date_gmt":"2020-06-02T23:14:32","guid":{"rendered":"http:\/\/whatsappcancun.com\/?p=109"},"modified":"2020-06-02T23:14:32","modified_gmt":"2020-06-02T23:14:32","slug":"empieza-en-cancun-arranca-amlo-manana-gira-de-siete-dias-por-el-sureste","status":"publish","type":"post","link":"https:\/\/podernacional.com\/?p=109","title":{"rendered":"Empieza en Canc\u00fan: Arranca AMLO ma\u00f1ana gira de siete d\u00edas por el Sureste"},"content":{"rendered":"\n<p>Canc\u00fan.- Apretada ser\u00e1 la agenda del presidente Andr\u00e9s Manuel L\u00f3pez Obrador a partir de ma\u00f1ana, primer d\u00eda despu\u00e9s del periodo de confinamiento por la pandemia del COVID-19, en Canc\u00fan, hasta el domingo, 7 de junio, con un banderazo a las obras en el Istmo de Tehuantepec.<br>Ma\u00f1ana a las 7 de la ma\u00f1ana, el presidente realizar\u00e1 su habitual conferencia matutina, pero en Canc\u00fan, Quintana Roo, desde donde se trasladar\u00e1 hacia Isla Mujeres, para marcar el D\u00eda de la Marina, en una ceremonia especial a las 11 horas. De all\u00ed, viajar\u00e1 hasta Nuevo Xcan, en los l\u00edmites de nuestro estado con Yucat\u00e1n, para el arranque de las obras del Tren Maya, en su tramo Izamal-Canc\u00fan, a las 15:30 horas.<\/p>\n\n\n\n<p>El martes, 2 de junio, L\u00f3pez Obrador har\u00e1 su conferencia ma\u00f1anera en M\u00e9rida Yucat\u00e1n, iudad en la que tambi\u00e9n har\u00e1 su banderazo de obra para el siguiente tramo del Tren Maya, a la una de la tarde.<br>Esto se repetir\u00e1 el mi\u00e9rcoles, en Campeche, con su conferencia ma\u00f1anera a la hora acostumbrada, seguida de su ceremonia de arranque de obra de este tramo del proyecto ferrocarrilero, al mediod\u00eda.<\/p>\n\n\n\n<p>El jueves toca el turno a Chiapas, entidad desde donde inicia el Trey Maya, en Palenque, y que por ello tambi\u00e9n tendr\u00e1 su \u00abbanderazo\u00bb.<br>Este viernes, el presidente acudir\u00e1 a su estado natal, Tabasco, para su conferencia ma\u00f1anera y, luego, a las 11:30 horas, marcar el arranque de la construcci\u00f3n de la refiner\u00eda de Dos Bocas. De all\u00ed, viajar\u00e1 a Coatzacoalcos, Veracruz, en donde se realizan trabajos de ampliaci\u00f3n a su puerto y donde pernoctar\u00e1.<\/p>\n\n\n\n<p>El s\u00e1bado, el presidente visitar\u00e1 una refiner\u00eda en la contigua Minatitl\u00e1n, para regresar por la tarde a Coatzacoalcos.<br>La semana de gira concluye el domingo, con el banderazo al Corredor Interoce\u00e1nico del Istmo de Tehuantepec, en Veracruz.<\/p>\n","protected":false},"excerpt":{"rendered":"<p>Canc\u00fan.- Apretada ser\u00e1 la agenda del presidente Andr\u00e9s Manuel L\u00f3pez Obrador a partir de ma\u00f1ana, primer d\u00eda despu\u00e9s del periodo de confinamiento por la pandemia del COVID-19, en Canc\u00fan, hasta el domingo, 7 de junio, con un banderazo a las obras en el Istmo de Tehuantepec.Ma\u00f1ana a las 7 de la ma\u00f1ana, el presidente realizar\u00e1 [&hellip;]<\/p>\n","protected":false},"author":1,"featured_media":110,"comment_status":"open","ping_status":"open","sticky":false,"template":"","format":"standard","meta":{"footnotes":""},"categories":[12],"tags":[],"class_list":["post-109","post","type-post","status-publish","format-standard","has-post-thumbnail","hentry","category-sin-categoria"],"_links":{"self":[{"href":"https:\/\/podernacional.com\/index.php?rest_route=\/wp\/v2\/posts\/109","targetHints":{"allow":["GET"]}}],"collection":[{"href":"https:\/\/podernacional.com\/index.php?rest_route=\/wp\/v2\/posts"}],"about":[{"href":"https:\/\/podernacional.com\/index.php?rest_route=\/wp\/v2\/types\/post"}],"author":[{"embeddable":true,"href":"https:\/\/podernacional.com\/index.php?rest_route=\/wp\/v2\/users\/1"}],"replies":[{"embeddable":true,"href":"https:\/\/podernacional.com\/index.php?rest_route=%2Fwp%2Fv2%2Fcomments&post=109"}],"version-history":[{"count":0,"href":"https:\/\/podernacional.com\/index.php?rest_route=\/wp\/v2\/posts\/109\/revisions"}],"wp:featuredmedia":[{"embeddable":true,"href":"https:\/\/podernacional.com\/index.php?rest_route=\/wp\/v2\/media\/110"}],"wp:attachment":[{"href":"https:\/\/podernacional.com\/index.php?rest_route=%2Fwp%2Fv2%2Fmedia&parent=109"}],"wp:term":[{"taxonomy":"category","embeddable":true,"href":"https:\/\/podernacional.com\/index.php?rest_route=%2Fwp%2Fv2%2Fcategories&post=109"},{"taxonomy":"post_tag","embeddable":true,"href":"https:\/\/podernacional.com\/index.php?rest_route=%2Fwp%2Fv2%2Ftags&post=109"}],"curies":[{"name":"wp","href":"https:\/\/api.w.org\/{rel}","templated":true}]}}