{"id":10905,"date":"2022-12-13T18:23:24","date_gmt":"2022-12-13T23:23:24","guid":{"rendered":"https:\/\/podernacional.com\/?p=10905"},"modified":"2022-12-13T23:23:26","modified_gmt":"2022-12-13T23:23:26","slug":"autoridades-de-quintana-roo-alistan-importacion-de-balasto-desde-cuba-para-tren-maya","status":"publish","type":"post","link":"https:\/\/podernacional.com\/?p=10905","title":{"rendered":"Autoridades de Quintana Roo alistan importaci\u00f3n de balasto desde Cuba para Tren Maya"},"content":{"rendered":"<h4>Administraci\u00f3n Portuaria Integral de Quintana Roo confirm\u00f3 que el material llegar\u00e1 al muelle de Puerto Morelos.<\/h4>\n<p>Autoridades de Quintana Roo: As\u00ed como la log\u00edstica estar\u00e1n coordinados con autoridades estatales y federales para no afectar el arrecife frente a las costa.<\/p>\n<p>Antes de que termine el a\u00f1o, comenzar\u00e1 la importaci\u00f3n de balasto desde Cuba hacia Quintana Roo.<\/p>\n<p>Adem\u00e1s de para emplearlo en el tendido de la v\u00eda del Tren Maya.<\/p>\n<p>Lo anterior ha sido confirmado por diversas fuentes; en primer lugar as\u00ed lo inform\u00f3 Vagner Elbiorn Vega.<\/p>\n<p>El cual es\u00a0director de la Administraci\u00f3n Portuaria Integral de Quintana Roo (Apiqroo).<\/p>\n<p>El cual\u00a0quien dijo adem\u00e1s que el material llegar\u00e1 al muelle de Puerto Morelos.<\/p>\n<p>En la log\u00edstica estar\u00e1n coordinados con autoridades estatales y federales para no afectar el arrecife frente a las costas del referido muelle.<\/p>\n<p>Por otra parte, la Agencia Cubana de Noticias tambi\u00e9n confirm\u00f3 que est\u00e1n ya listas.<\/p>\n<h4>As\u00ed mismo a la espera de ser movilizadas las primera 20,000 toneladas de piedra raj\u00f3n desde el puerto de Cienfuegos.<\/h4>\n<p>La agencia cit\u00f3 a Andr\u00e9s D\u00edaz Guerrero, jefe del Grupo de Operaciones de la Empresa Servicios Portuarios del Centro.<\/p>\n<p>El cual\u00a0seg\u00fan el cual en los almacenes a cielo abierto de la zona dos, en Obourke.<\/p>\n<p>Adem\u00e1s de que hay miles de toneladas a la espera de su embarque hacia Yucat\u00e1n.<\/p>\n<p>Con el inicio de la comercializaci\u00f3n, en el primer mes deben manipular 90,000 toneladas.<\/p>\n<p>Lo que crecer\u00e1 hasta lograr un ritmo de 200,000 al mes, detall\u00f3 el entrevistado.<\/p>\n<p>El pasado 4 de noviembre, el presidente, Andr\u00e9s Manuel L\u00f3pez Obrador.<\/p>\n<p>Adem\u00e1s de que confirm\u00f3 que por motivos log\u00edsticos ya estaba pensando en traer el balasto para el Tren Maya desde Cuba y Belice.<\/p>\n<p>\u201cVoy a comentar algo para que nos cuestionen nuestros adversarios\u201d.<\/p>\n<p>\u201cEs muy probable que para este tramo traigamos balasto, que s\u00ed hay, por transporte mar\u00edtimo\u201d, expuso.<\/p>\n<p>\u201cHay una posibilidad que se est\u00e1 explorando, en Puerto Morelos. Lo que estamos viendo es si logramos un acuerdo tambi\u00e9n con Belice\u201d, explic\u00f3 el mandatario.<\/p>\n<p>Autoridades de Quintana Roo alistan importaci\u00f3n de balasto<\/p>\n","protected":false},"excerpt":{"rendered":"<p>Administraci\u00f3n Portuaria Integral de Quintana Roo confirm\u00f3 que el material llegar\u00e1 al muelle de Puerto Morelos. Autoridades de Quintana Roo: As\u00ed como la log\u00edstica estar\u00e1n coordinados con autoridades estatales y federales para no afectar el arrecife frente a las costa. Antes de que termine el a\u00f1o, comenzar\u00e1 la importaci\u00f3n de balasto desde Cuba hacia Quintana [&hellip;]<\/p>\n","protected":false},"author":1,"featured_media":10907,"comment_status":"open","ping_status":"closed","sticky":false,"template":"","format":"standard","meta":{"footnotes":""},"categories":[10],"tags":[],"class_list":["post-10905","post","type-post","status-publish","format-standard","has-post-thumbnail","hentry","category-quintana-roo"],"_links":{"self":[{"href":"https:\/\/podernacional.com\/index.php?rest_route=\/wp\/v2\/posts\/10905","targetHints":{"allow":["GET"]}}],"collection":[{"href":"https:\/\/podernacional.com\/index.php?rest_route=\/wp\/v2\/posts"}],"about":[{"href":"https:\/\/podernacional.com\/index.php?rest_route=\/wp\/v2\/types\/post"}],"author":[{"embeddable":true,"href":"https:\/\/podernacional.com\/index.php?rest_route=\/wp\/v2\/users\/1"}],"replies":[{"embeddable":true,"href":"https:\/\/podernacional.com\/index.php?rest_route=%2Fwp%2Fv2%2Fcomments&post=10905"}],"version-history":[{"count":1,"href":"https:\/\/podernacional.com\/index.php?rest_route=\/wp\/v2\/posts\/10905\/revisions"}],"predecessor-version":[{"id":10906,"href":"https:\/\/podernacional.com\/index.php?rest_route=\/wp\/v2\/posts\/10905\/revisions\/10906"}],"wp:featuredmedia":[{"embeddable":true,"href":"https:\/\/podernacional.com\/index.php?rest_route=\/wp\/v2\/media\/10907"}],"wp:attachment":[{"href":"https:\/\/podernacional.com\/index.php?rest_route=%2Fwp%2Fv2%2Fmedia&parent=10905"}],"wp:term":[{"taxonomy":"category","embeddable":true,"href":"https:\/\/podernacional.com\/index.php?rest_route=%2Fwp%2Fv2%2Fcategories&post=10905"},{"taxonomy":"post_tag","embeddable":true,"href":"https:\/\/podernacional.com\/index.php?rest_route=%2Fwp%2Fv2%2Ftags&post=10905"}],"curies":[{"name":"wp","href":"https:\/\/api.w.org\/{rel}","templated":true}]}}