{"id":10959,"date":"2022-12-15T18:40:18","date_gmt":"2022-12-15T23:40:18","guid":{"rendered":"https:\/\/podernacional.com\/?p=10959"},"modified":"2022-12-15T23:40:19","modified_gmt":"2022-12-15T23:40:19","slug":"universidad-de-cancun-pide-42-mlls-para-concluir-el-poliforum","status":"publish","type":"post","link":"https:\/\/podernacional.com\/?p=10959","title":{"rendered":"Universidad de Canc\u00fan pide $42 Mlls. para concluir el Poliforum"},"content":{"rendered":"<h4>El inmueble servir\u00e1 como recinto para eventos deportivos y culturales, adem\u00e1s de refugio anticicl\u00f3nico.<\/h4>\n<p>Universidad de Canc\u00fan: La Universidad Tecnol\u00f3gica de Canc\u00fan (UT) solicit\u00f3 al gobierno estatal 42 millones de pesos para concluir la construcci\u00f3n del Poliforum.<\/p>\n<p>El cual es\u00a0uno de los proyectos insignia de la instituci\u00f3n.<\/p>\n<p>Juli\u00e1n Aguilar Estrada, rector de dicha casa de estudios, coment\u00f3 que con ese monto se podr\u00e1 concluir la obra.<\/p>\n<p>Adem\u00e1s de lo\u00a0cual hasta el momento presenta un avance de alrededor de 50%.<\/p>\n<p>\u201cNuestra solicitud ahorita es de 42 millones de pesos para poder terminar al 100% la obra, con todo inmobiliario!.<\/p>\n<p>\u201cAdem\u00e1s que\u00a0lo que requiere para que est\u00e9 en perfectas condiciones de uso\u201d, dijo.<\/p>\n<p>De obtener los 42 millones de pesos solicitados al gobierno estatal, se sumar\u00e1n a los 52 millones que ya se invirtieron.<\/p>\n<p>Con esto el inmueble servir\u00e1 como recinto para eventos deportivos y culturales.<\/p>\n<p>Adem\u00e1s de que tambi\u00e9n podr\u00e1 fungir como un refugio anticicl\u00f3nico.<\/p>\n<h4>\u201cAfortunadamente en el proyecto de la Universidad Tecnol\u00f3gica de Canc\u00fan\u201d.<\/h4>\n<p>\u201cCon esto\u00a0el Ifeqroo (Instituto de Infraestructura F\u00edsica Educativa del Estado de Quintana Roo) est\u00e1 muy pendiente\u201d.<\/p>\n<p>\u201cAdem\u00e1s de que estamos justamente haciendo las gestiones necesarias para que este proyecto tenga continuidad\u201d.<\/p>\n<p>\u201cEsto\u00a0para ver con cu\u00e1nto ser\u00e1 con lo que se apoya a la instituci\u00f3n para que este proyecto pueda terminarse en el a\u00f1o 2023\u201d, expres\u00f3.<\/p>\n<p>Se\u00f1al\u00f3 que tambi\u00e9n se han solicitado 10 millones de pesos para el proyecto de los paneles solares.<\/p>\n<p>Aunque esta petici\u00f3n se hizo al gobierno federal para que la instituci\u00f3n pueda recibir el financiamiento.<\/p>\n<p>Esto\u00a0a trav\u00e9s del Fondo de Aportaciones M\u00faltiples (FAM), ya que parte de sus recursos se destinan para las universidades.<\/p>\n<p>\u201cEstamos haciendo la parte que nos corresponde a nosotros que es de solicitud\u201d.<\/p>\n<p>\u201cAdem\u00e1s de que\u00a0entendemos el compromiso que hay de parte de los gobiernos estatal y federal para que lo que ya empez\u00f3 se pueda terminar\u201d.<\/p>\n<p>Aguilar Estrada anunci\u00f3 que, para enero del pr\u00f3ximo a\u00f1o.<\/p>\n<p>As\u00ed como la UT lanzar\u00e1 el primer posgrado de la divisi\u00f3n econ\u00f3mico administrativa en Direcci\u00f3n de Organizaciones.<\/p>\n","protected":false},"excerpt":{"rendered":"<p>El inmueble servir\u00e1 como recinto para eventos deportivos y culturales, adem\u00e1s de refugio anticicl\u00f3nico. Universidad de Canc\u00fan: La Universidad Tecnol\u00f3gica de Canc\u00fan (UT) solicit\u00f3 al gobierno estatal 42 millones de pesos para concluir la construcci\u00f3n del Poliforum. El cual es\u00a0uno de los proyectos insignia de la instituci\u00f3n. Juli\u00e1n Aguilar Estrada, rector de dicha casa de [&hellip;]<\/p>\n","protected":false},"author":1,"featured_media":10961,"comment_status":"open","ping_status":"closed","sticky":false,"template":"","format":"standard","meta":{"footnotes":""},"categories":[6],"tags":[],"class_list":["post-10959","post","type-post","status-publish","format-standard","has-post-thumbnail","hentry","category-local"],"_links":{"self":[{"href":"https:\/\/podernacional.com\/index.php?rest_route=\/wp\/v2\/posts\/10959","targetHints":{"allow":["GET"]}}],"collection":[{"href":"https:\/\/podernacional.com\/index.php?rest_route=\/wp\/v2\/posts"}],"about":[{"href":"https:\/\/podernacional.com\/index.php?rest_route=\/wp\/v2\/types\/post"}],"author":[{"embeddable":true,"href":"https:\/\/podernacional.com\/index.php?rest_route=\/wp\/v2\/users\/1"}],"replies":[{"embeddable":true,"href":"https:\/\/podernacional.com\/index.php?rest_route=%2Fwp%2Fv2%2Fcomments&post=10959"}],"version-history":[{"count":1,"href":"https:\/\/podernacional.com\/index.php?rest_route=\/wp\/v2\/posts\/10959\/revisions"}],"predecessor-version":[{"id":10960,"href":"https:\/\/podernacional.com\/index.php?rest_route=\/wp\/v2\/posts\/10959\/revisions\/10960"}],"wp:featuredmedia":[{"embeddable":true,"href":"https:\/\/podernacional.com\/index.php?rest_route=\/wp\/v2\/media\/10961"}],"wp:attachment":[{"href":"https:\/\/podernacional.com\/index.php?rest_route=%2Fwp%2Fv2%2Fmedia&parent=10959"}],"wp:term":[{"taxonomy":"category","embeddable":true,"href":"https:\/\/podernacional.com\/index.php?rest_route=%2Fwp%2Fv2%2Fcategories&post=10959"},{"taxonomy":"post_tag","embeddable":true,"href":"https:\/\/podernacional.com\/index.php?rest_route=%2Fwp%2Fv2%2Ftags&post=10959"}],"curies":[{"name":"wp","href":"https:\/\/api.w.org\/{rel}","templated":true}]}}