{"id":10962,"date":"2022-12-19T16:57:15","date_gmt":"2022-12-19T21:57:15","guid":{"rendered":"https:\/\/podernacional.com\/?p=10962"},"modified":"2022-12-19T21:57:17","modified_gmt":"2022-12-19T21:57:17","slug":"llega-una-nueva-edicion-del-cartagena-festival-de-musica-un-homenaje-al-canto-de-la-tierra","status":"publish","type":"post","link":"https:\/\/podernacional.com\/?p=10962","title":{"rendered":"Llega una nueva edici\u00f3n del Cartagena Festival de M\u00fasica, un homenaje al canto de la tierra"},"content":{"rendered":"<h4>Para el 2023, este encuentro contar\u00e1 con la presencia de la Orquesta de C\u00e1mara de Praga que fue fundada en 195.<\/h4>\n<p>Cartagena Festival de M\u00fasica: La cual es una de las m\u00e1s importantes de Europa.<\/p>\n<p>A comienzos del nuevo a\u00f1o los ojos de la m\u00fasica cl\u00e1sica o culta volver\u00e1n a La Her\u00f3ica con la edici\u00f3n n\u00famero 17 del Cartagena Festival de M\u00fasica.<\/p>\n<p>As\u00ed como\u00a0a desarrollarse entre el 5 y 11 de enero.<\/p>\n<p>Entre los invitados especiales se encuentra la Orquesta de C\u00e1mara de Praga, bajo la direcci\u00f3n de Zbynek Muller, junto al pianista Dmitry Shishkin.<\/p>\n<p>Con un repertorio compuesto por piezas de Piotr Ilich Tchaikovsky, B\u00e9la Bart\u00f3k, Anton\u00edn Dvor\u00e1k, y Fr\u00e9d\u00e9ric Chopin.<\/p>\n<p>Ya que\u00a0esta presentaci\u00f3n ser\u00e1 una s\u00edntesis de la tem\u00e1tica del festival.<\/p>\n<p>Esto pues presentar\u00e1 una antesala de las diferentes tendencias que se afirmaron en el este de Europa en el siglo XIX.<\/p>\n<p>La Orquesta de C\u00e1mara de Praga ser\u00e1 el conjunto residente de esta edici\u00f3n del festival.<\/p>\n<h4>Adem\u00e1s de que\u00a0regresar\u00e1 al escenario del Adolfo Mej\u00eda el viernes 6 de enero.<\/h4>\n<p>Esto\u00a0en el concierto \u2018M\u00fasica de grandes autores con mirada cosmopolita\u2019, con piezas de:<\/p>\n<p>Anton Arensky, Alexander Glazunov, Sergei Rachmaninov y P. I. Tchaikovsky, de quien interpretar\u00e1 su emblem\u00e1tica Serenata para orquesta de cuerdas.<\/p>\n<p>El s\u00e1bado 7 de enero, la soprano Julia Muzychenko se unir\u00e1 a la Orquesta de C\u00e1mara de Praga y a Muller para el concierto:<\/p>\n<p>\u2018La afirmaci\u00f3n de tendencias musicales entre lo nacional y lo universal\u2019. Obras de Alexander Scriabin, Igor Stravinsky, Modest Mussorgsky.<\/p>\n<p>As\u00ed como de Vasili Kalinnikov y Nicolai Rimsky-Korsakov conformar\u00e1n el repertorio<\/p>\n<p>El colombiano Santiago Ca\u00f1\u00f3n-Valencia, que ha sido calificado como uno de los violonchelistas m\u00e1s prometedores de su generaci\u00f3n.<\/p>\n<p>Adem\u00e1s de que estar\u00e1 en \u2018Las noches del Teatro Adolfo Mej\u00eda\u2019 el viernes 6 y el domingo 8 de enero.<\/p>\n<p>Acompa\u00f1ado de la orquesta residente del Cartagena XVII Festival de M\u00fasica, Ca\u00f1\u00f3n-Valencia protagonizar\u00e1 el concierto:<\/p>\n<h4>\u2018M\u00fasica cosmopolita con colores nacionales\u2019, con piezas de Leos Jan\u00e1cek, Anton\u00edn Dvor\u00e1k y Joseph Suk.<\/h4>\n<p>Zbynek Muller dirigir\u00e1 a la Orquesta de C\u00e1mara de Praga y al pianista Fran\u00e7ois Dumont en un recorrido por piezas paradigm\u00e1ticas.<\/p>\n<p>Esto\u00a0de las diferentes tendencias de la m\u00fasica culta de Hungr\u00eda del siglo XIX.<\/p>\n<p>Bela Bartok, Gyula Beliczay y Franz Liszt ser\u00e1n los compositores protagonistas de este concierto.<\/p>\n<p>El maestro italiano Antonio Miscen\u00e0 cumple diez a\u00f1os como director art\u00edstico del Cartagena Festival de M\u00fasica.<\/p>\n<p>Ya que habl\u00f3 con Colprensa sobre la edici\u00f3n 17 de este evento.<\/p>\n","protected":false},"excerpt":{"rendered":"<p>Para el 2023, este encuentro contar\u00e1 con la presencia de la Orquesta de C\u00e1mara de Praga que fue fundada en 195. Cartagena Festival de M\u00fasica: La cual es una de las m\u00e1s importantes de Europa. A comienzos del nuevo a\u00f1o los ojos de la m\u00fasica cl\u00e1sica o culta volver\u00e1n a La Her\u00f3ica con la edici\u00f3n [&hellip;]<\/p>\n","protected":false},"author":1,"featured_media":10964,"comment_status":"open","ping_status":"closed","sticky":false,"template":"","format":"standard","meta":{"footnotes":""},"categories":[2],"tags":[],"class_list":["post-10962","post","type-post","status-publish","format-standard","has-post-thumbnail","hentry","category-cultural"],"_links":{"self":[{"href":"https:\/\/podernacional.com\/index.php?rest_route=\/wp\/v2\/posts\/10962","targetHints":{"allow":["GET"]}}],"collection":[{"href":"https:\/\/podernacional.com\/index.php?rest_route=\/wp\/v2\/posts"}],"about":[{"href":"https:\/\/podernacional.com\/index.php?rest_route=\/wp\/v2\/types\/post"}],"author":[{"embeddable":true,"href":"https:\/\/podernacional.com\/index.php?rest_route=\/wp\/v2\/users\/1"}],"replies":[{"embeddable":true,"href":"https:\/\/podernacional.com\/index.php?rest_route=%2Fwp%2Fv2%2Fcomments&post=10962"}],"version-history":[{"count":1,"href":"https:\/\/podernacional.com\/index.php?rest_route=\/wp\/v2\/posts\/10962\/revisions"}],"predecessor-version":[{"id":10963,"href":"https:\/\/podernacional.com\/index.php?rest_route=\/wp\/v2\/posts\/10962\/revisions\/10963"}],"wp:featuredmedia":[{"embeddable":true,"href":"https:\/\/podernacional.com\/index.php?rest_route=\/wp\/v2\/media\/10964"}],"wp:attachment":[{"href":"https:\/\/podernacional.com\/index.php?rest_route=%2Fwp%2Fv2%2Fmedia&parent=10962"}],"wp:term":[{"taxonomy":"category","embeddable":true,"href":"https:\/\/podernacional.com\/index.php?rest_route=%2Fwp%2Fv2%2Fcategories&post=10962"},{"taxonomy":"post_tag","embeddable":true,"href":"https:\/\/podernacional.com\/index.php?rest_route=%2Fwp%2Fv2%2Ftags&post=10962"}],"curies":[{"name":"wp","href":"https:\/\/api.w.org\/{rel}","templated":true}]}}