{"id":10965,"date":"2022-12-19T17:43:56","date_gmt":"2022-12-19T22:43:56","guid":{"rendered":"https:\/\/podernacional.com\/?p=10965"},"modified":"2022-12-19T22:43:58","modified_gmt":"2022-12-19T22:43:58","slug":"mundial-de-qatar-2022-cual-es-el-significado-de-la-tunica-que-lucio-lionel-messi-al-levantar-la-copa","status":"publish","type":"post","link":"https:\/\/podernacional.com\/?p=10965","title":{"rendered":"Mundial de Qatar 2022: cu\u00e1l es el significado de la t\u00fanica que luci\u00f3 Lionel Messi al levantar la copa"},"content":{"rendered":"<h4>Fueron 36 a\u00f1os, y unos minutos m\u00e1s.<\/h4>\n<p>Mundial de Qatar 2022: La espera para que el capit\u00e1n alzara la copa del mundo se vio retrasada por una vestimenta que sorprendi\u00f3 a todos.<\/p>\n<p>De qu\u00e9 se trata y por qu\u00e9 es importante para la cultura qatar\u00ed<\/p>\n<p>La mir\u00f3, la toc\u00f3 y hasta la bes\u00f3. Pero a\u00fan no era el momento para poder levantarla.<\/p>\n<p>Previo al gran momento de la selecci\u00f3n argentina.<\/p>\n<p>Con esto\u00a0Lionel Messi recibi\u00f3 una distinci\u00f3n especial por parte de los anfitriones nunca antes vista en una copa del mundo.<\/p>\n<p>La intimidad del vuelo de los campeones del mundo rumbo a la Argentina:<\/p>\n<p>La sonrisa de Messi con la copa y la divertida frase de Dibu Mart\u00ednez<\/p>\n<p>Los jugadores de la Selecci\u00f3n compartieron im\u00e1genes desde el avi\u00f3n con el trofeo conseguido en Qatar.<\/p>\n<h4>La Scaloneta est\u00e1 llegando a Buenos Aires<\/h4>\n<p>En un momento de sorpresa para el mismo jugador y de intriga ante lo que ocurr\u00eda, el presidente de la FIFA, Gianni Infantino.<\/p>\n<p>Con el actual emir de Qatar, el jeque Tamim bin Hamad Al Thani, le pusieron una t\u00fanica denominada como \u201cBisht\u201d o \u201cBeshth\u201d.<\/p>\n<p>\u00bfQu\u00e9 significa esta vestimenta? \u00bfPor qu\u00e9 era tan importante que el capit\u00e1n de la selecci\u00f3n usara estas ropas al alzar el trofeo?<\/p>\n<p>Seg\u00fan explic\u00f3 el productor y director, Tallie Dar, esa capa se trata de un gesto de honor que Qatar le dio al capit\u00e1n de la albiceleste.<\/p>\n<p>Adem\u00e1s, de un s\u00edmbolo de realeza, estilo y elegancia.<\/p>\n<p>Denominada como \u201cBisht\u201d o \u201cBeshth\u201d, \u201clos guerreros \u00e1rabes lo usaban despu\u00e9s de una victoria. Tambi\u00e9n lo usa la familia real\u201d.<\/p>\n<p>Esto\u00a0se\u00f1al\u00f3 el comunicador canadiense. Al tiempo que destac\u00f3 que \u201cel emir de Qatar le dio el honor a Messi en se\u00f1al de respeto\u201d.<\/p>\n<p>\u201cEs un guerrero que gan\u00f3 por su pa\u00eds Argentina\u201d, agreg\u00f3.<\/p>\n<h4>Esta prenda fue usada por los \u00e1rabes durante siglos.<\/h4>\n<p>Incluso, se\u00f1alan que se trata de una parte esencial del c\u00f3digo de vestimenta convencional para los hombres.<\/p>\n<p>El Beshth est\u00e1 confeccionado en pelo de camello y lana de cabra, gracias a los cuales se hila el material.<\/p>\n<p>El siguiente paso es conformar la tela, que debe quedar de forma transparente ya debe usarse arriba de otras ropas.<\/p>\n<p>As\u00ed como son las t\u00fanicas denominadas: thawb o kanzu.<\/p>\n<p>Existen dos versiones, la m\u00e1s fina est\u00e1 destinada al verano, la m\u00e1s gruesa y con pelo, para el invierno.<\/p>\n<p>De color negro, marr\u00f3n, beige, crema o gris, estas ropas son elegidas por el clero, funcionarios no religiosos, seculares o jefes tribales, reyes e imanes.<\/p>\n<p>En resumidas cuentas, se trata de una capa que est\u00e1 vinculada con la realeza, la posici\u00f3n religiosa, la riqueza y los ritos.<\/p>\n<h4>Una suerte de traje y corbata para los occidentales.<\/h4>\n<p>Su uso est\u00e1 destinado a ocasiones importantes, tales como bodas o peregrinaciones religiosas. Pero tambi\u00e9n tiene otro significado.<\/p>\n<p>Esto\u00a0seg\u00fan indicaron diversos medios internacionales.<\/p>\n<p>De este modo, esta t\u00fanica evidencia estatus y adem\u00e1s se\u00f1ala \u201cla opulencia, la monarqu\u00eda y las ocasiones ceremoniales.<\/p>\n<p>Es comparable a ponerse una corbata negra en el oeste\u201d, resaltaron desde el peri\u00f3dico El Mundo.<\/p>\n<p>Mundial de Qatar 2022: Cu\u00e1l es el significado de la t\u00fanica<\/p>\n","protected":false},"excerpt":{"rendered":"<p>Fueron 36 a\u00f1os, y unos minutos m\u00e1s. Mundial de Qatar 2022: La espera para que el capit\u00e1n alzara la copa del mundo se vio retrasada por una vestimenta que sorprendi\u00f3 a todos. De qu\u00e9 se trata y por qu\u00e9 es importante para la cultura qatar\u00ed La mir\u00f3, la toc\u00f3 y hasta la bes\u00f3. Pero a\u00fan [&hellip;]<\/p>\n","protected":false},"author":1,"featured_media":10967,"comment_status":"open","ping_status":"closed","sticky":false,"template":"","format":"standard","meta":{"footnotes":""},"categories":[3],"tags":[],"class_list":["post-10965","post","type-post","status-publish","format-standard","has-post-thumbnail","hentry","category-deportes"],"_links":{"self":[{"href":"https:\/\/podernacional.com\/index.php?rest_route=\/wp\/v2\/posts\/10965","targetHints":{"allow":["GET"]}}],"collection":[{"href":"https:\/\/podernacional.com\/index.php?rest_route=\/wp\/v2\/posts"}],"about":[{"href":"https:\/\/podernacional.com\/index.php?rest_route=\/wp\/v2\/types\/post"}],"author":[{"embeddable":true,"href":"https:\/\/podernacional.com\/index.php?rest_route=\/wp\/v2\/users\/1"}],"replies":[{"embeddable":true,"href":"https:\/\/podernacional.com\/index.php?rest_route=%2Fwp%2Fv2%2Fcomments&post=10965"}],"version-history":[{"count":1,"href":"https:\/\/podernacional.com\/index.php?rest_route=\/wp\/v2\/posts\/10965\/revisions"}],"predecessor-version":[{"id":10966,"href":"https:\/\/podernacional.com\/index.php?rest_route=\/wp\/v2\/posts\/10965\/revisions\/10966"}],"wp:featuredmedia":[{"embeddable":true,"href":"https:\/\/podernacional.com\/index.php?rest_route=\/wp\/v2\/media\/10967"}],"wp:attachment":[{"href":"https:\/\/podernacional.com\/index.php?rest_route=%2Fwp%2Fv2%2Fmedia&parent=10965"}],"wp:term":[{"taxonomy":"category","embeddable":true,"href":"https:\/\/podernacional.com\/index.php?rest_route=%2Fwp%2Fv2%2Fcategories&post=10965"},{"taxonomy":"post_tag","embeddable":true,"href":"https:\/\/podernacional.com\/index.php?rest_route=%2Fwp%2Fv2%2Ftags&post=10965"}],"curies":[{"name":"wp","href":"https:\/\/api.w.org\/{rel}","templated":true}]}}