{"id":11016,"date":"2022-12-17T16:17:31","date_gmt":"2022-12-17T21:17:31","guid":{"rendered":"https:\/\/podernacional.com\/?p=11016"},"modified":"2022-12-20T21:23:24","modified_gmt":"2022-12-20T21:23:24","slug":"invierno-2022-en-mexico-cuando-inicia-y-cuando-termina","status":"publish","type":"post","link":"https:\/\/podernacional.com\/?p=11016","title":{"rendered":"Invierno 2022 en M\u00e9xico: \u00bfCu\u00e1ndo inicia y cu\u00e1ndo termina?"},"content":{"rendered":"<h4 class=\"jeg_post_subtitle\" style=\"text-align: center;\">El pr\u00f3ximo mi\u00e9rcoles 21 de diciembre tendr\u00e1 lugar el solsticio de invierno, un suceso que se encargar\u00e1 de marcar el inicio del invierno 2022.<\/h4>\n<p>El pr\u00f3ximo mi\u00e9rcoles 21 de diciembre tendr\u00e1 lugar el solsticio de invierno, un suceso que se encargar\u00e1 de marcar el inicio del invierno 2022.<\/p>\n<p>El solsticio de invierno es el encargado de dar inicio a la temporada m\u00e1s fr\u00eda del a\u00f1o, se caracteriza por tener menos luz solar en el d\u00eda, lo que hace que tengamos una noche m\u00e1s larga.<\/p>\n<p>Aunque las bajas temperaturas lleva ya algunas semanas en el pa\u00eds, la temporada donde realmente har\u00e1 fr\u00edo apenas va a comenzar, pues este solsticio de invierno tendr\u00e1 lugar el pr\u00f3ximo mi\u00e9rcoles 21 de diciembre y empezar\u00e1 a partir de las 3:48 pm.<\/p>\n<p>Con esto inicia el invierno 2022 y este tendr\u00e1 una duraci\u00f3n de tres meses, teniendo su fin el 20 de marzo del 2023. Con la llegada del equinoccio de primavera.<\/p>\n<p>El invierno se caracteriza por tener noches m\u00e1s largas y d\u00edas m\u00e1s cortos, con temperaturas tan bajas que en algunos lugares se llegan a presentar precipitaciones en forma de nieve.<\/p>\n<p>Algunos de los lugares en M\u00e9xico d\u00f3nde podemos observar ca\u00edda de nieve son:<\/p>\n<div class=\"code-block code-block-48\">\n<div><\/div>\n<\/div>\n<ul>\n<li>Chepe, Chihuahua.<\/li>\n<li>Mexiquillo, Durango.<\/li>\n<li>Monterreal, Coahuila.<\/li>\n<li>Sombrerete, Zacatecas.<\/li>\n<li>Nevado de Toluca, Estado de M\u00e9xico<\/li>\n<\/ul>\n<p>En esta ocasi\u00f3n el invierno tendr\u00e1 una duraci\u00f3n de 88 d\u00edas y 23 horas, finalizando el 20 de marzo con la llegada de la primavera.<\/p>\n<h2>Frentes fr\u00edos invierno 2022<\/h2>\n<p>El SMN estima que esta temporada puede haber un aproximado de 51\u00a0frentes fr\u00edos, aunque se informa que este n\u00famero puede variar sin previo aviso. En la temporada 2021-2022 se\u00a0registraron\u00a0un total de 54.<\/p>\n<p>Hasta el momento se han registrado un total de 18 frentes fr\u00edos y se espera que en la temporada de invierno 2022-2023 se registren:<\/p>\n<ul>\n<li>8 en diciembre<\/li>\n<li>9 en enero<\/li>\n<li>7 en febrero<\/li>\n<li>7 en marzo<\/li>\n<\/ul>\n","protected":false},"excerpt":{"rendered":"<p>El pr\u00f3ximo mi\u00e9rcoles 21 de diciembre tendr\u00e1 lugar el solsticio de invierno, un suceso que se encargar\u00e1 de marcar el inicio del invierno 2022. El pr\u00f3ximo mi\u00e9rcoles 21 de diciembre tendr\u00e1 lugar el solsticio de invierno, un suceso que se encargar\u00e1 de marcar el inicio del invierno 2022. El solsticio de invierno es el encargado [&hellip;]<\/p>\n","protected":false},"author":1,"featured_media":11018,"comment_status":"open","ping_status":"closed","sticky":false,"template":"","format":"standard","meta":{"footnotes":""},"categories":[7],"tags":[],"class_list":["post-11016","post","type-post","status-publish","format-standard","has-post-thumbnail","hentry","category-nacional"],"_links":{"self":[{"href":"https:\/\/podernacional.com\/index.php?rest_route=\/wp\/v2\/posts\/11016","targetHints":{"allow":["GET"]}}],"collection":[{"href":"https:\/\/podernacional.com\/index.php?rest_route=\/wp\/v2\/posts"}],"about":[{"href":"https:\/\/podernacional.com\/index.php?rest_route=\/wp\/v2\/types\/post"}],"author":[{"embeddable":true,"href":"https:\/\/podernacional.com\/index.php?rest_route=\/wp\/v2\/users\/1"}],"replies":[{"embeddable":true,"href":"https:\/\/podernacional.com\/index.php?rest_route=%2Fwp%2Fv2%2Fcomments&post=11016"}],"version-history":[{"count":1,"href":"https:\/\/podernacional.com\/index.php?rest_route=\/wp\/v2\/posts\/11016\/revisions"}],"predecessor-version":[{"id":11017,"href":"https:\/\/podernacional.com\/index.php?rest_route=\/wp\/v2\/posts\/11016\/revisions\/11017"}],"wp:featuredmedia":[{"embeddable":true,"href":"https:\/\/podernacional.com\/index.php?rest_route=\/wp\/v2\/media\/11018"}],"wp:attachment":[{"href":"https:\/\/podernacional.com\/index.php?rest_route=%2Fwp%2Fv2%2Fmedia&parent=11016"}],"wp:term":[{"taxonomy":"category","embeddable":true,"href":"https:\/\/podernacional.com\/index.php?rest_route=%2Fwp%2Fv2%2Fcategories&post=11016"},{"taxonomy":"post_tag","embeddable":true,"href":"https:\/\/podernacional.com\/index.php?rest_route=%2Fwp%2Fv2%2Ftags&post=11016"}],"curies":[{"name":"wp","href":"https:\/\/api.w.org\/{rel}","templated":true}]}}