{"id":11037,"date":"2022-12-20T19:04:10","date_gmt":"2022-12-21T00:04:10","guid":{"rendered":"https:\/\/podernacional.com\/?p=11037"},"modified":"2022-12-21T00:04:12","modified_gmt":"2022-12-21T00:04:12","slug":"estas-12-canciones-competiran-en-el-festival-de-vina-2023","status":"publish","type":"post","link":"https:\/\/podernacional.com\/?p=11037","title":{"rendered":"Estas 12 canciones competir\u00e1n en el Festival de Vi\u00f1a 2023"},"content":{"rendered":"<h4>Doce canciones de pa\u00edses que incluyen a Argentina, Chile, Colombia, Ecuador, Guatemala, M\u00e9xico, Panam\u00e1 y Per\u00fa.<\/h4>\n<p>Festival de Vi\u00f1a 2023: Los cuales competir\u00e1n el pr\u00f3ximo a\u00f1o por la Gaviota de Plata en el Festival Internacional de la Canci\u00f3n de Vi\u00f1a del Mar.<\/p>\n<p>Con esto cuya 62a edici\u00f3n est\u00e1 prevista del 19 al 24 de febrero.<\/p>\n<p>Los organizadores del festival chileno anunciaron el martes (20 de diciembre) la lista de participantes:<\/p>\n<p>As\u00ed mismo de seis para la competencia Folcl\u00f3rica y seis para la competencia Internacional.<\/p>\n<p>Adem\u00e1s de la Gaviota de Plata, la canci\u00f3n ganadora en cada una de las categor\u00edas recibir\u00e1 un premio de 739 unidades de fomento.<\/p>\n<p>La lista incluye mayormente a artistas emergentes como la cantante argentina Mila Manes, la mexicana Ely Blancarte.<\/p>\n<p>As\u00ed como\u00a0el grupo colombiano Bazurto All Stars. Pero tambi\u00e9n al veterano grupo de rock paname\u00f1o Los Rabanes.<\/p>\n<h4>El cual\u00a0participar\u00e1 en la competencia Folcl\u00f3rica con \u201cLa patineta\u201d.<\/h4>\n<p>La canci\u00f3n fue escrita por su vocalista, Emilio Regueira, junto con el cantante dominicano Henry G.<\/p>\n<p>Form\u00f3 parte del \u00e1lbum nominado al Grammy Act\u00edvate (2021) del d\u00fao colombiano de m\u00fasica infantil 123 Andr\u00e9s.<\/p>\n<p>El cual\u00a0grab\u00f3 con Los Rabanes, Rub\u00e9n Blades y Roberto Delgado &amp; Orquesta.<\/p>\n<p>\u201cLlevar \u2018La patineta\u2019 a Vi\u00f1a del Mar va a ser una experiencia \u00fanica porque este tema contiene ra\u00edces de la cumbia sante\u00f1a paname\u00f1a.<\/p>\n<p>Esto\u00a0junto con la murga de Panam\u00e1, que fue el arreglo que Los Rabanes le proporcionamos a esta canci\u00f3n\u201d.<\/p>\n<p>Con esto lo dijo Regueira en un comunicado publicado en la cuenta de Instagram de la agrupaci\u00f3n laureada con el Latin Grammy.<\/p>\n<p>\u201cSomos una banda de rock fusi\u00f3n, pero el folclor es columna vertebral de lo que hacemos.<\/p>\n<p>Conocemos muy bien los cimientos de la cultura y del folclor paname\u00f1o. Somos chitreanos (Chitr\u00e9).<\/p>\n<p>Adem\u00e1s que\u00a0somos\u00a0del interior de Panam\u00e1, y por eso esta no es la primera vez que Los Rabanes llevamos\u00a0el folclor paname\u00f1o al mundo\u201d.<\/p>\n<p>Aqu\u00ed la lista completa de canciones elegidas por la comisi\u00f3n del LXII Festival de Vi\u00f1a del Mar.<\/p>\n<p>As\u00ed como\u00a0por categor\u00eda, junto al artista o grupo que las interpreta y su pa\u00eds de origen.<\/p>\n<h4>COMPETENCIA INTERNACIONAL:<\/h4>\n<p>\u201cNo me haces falta\u201d, Mila Manes, Argentina<\/p>\n<p>\u201cViento\u201d, Yorka, Chile<\/p>\n<p>\u201cChocolatico\u201d, Teo, Colombia<\/p>\n<p>\u201cLo siento\u201d, Tres Dedos, Ecuador<\/p>\n<p>\u201cComo puedas\u201d, Zelaya, Guatemala<\/p>\n<p>\u201cAfter Party\u201d, Ely Blancarte, M\u00e9xico<\/p>\n<h4>COMPETENCIA FOLCL\u00d3RICA:<\/h4>\n<p>\u201cDe a poquito\u201d, Camil\u00fa, Argentina<\/p>\n<p>\u201cCamino\u201d, Laia, Chile<\/p>\n<p>\u201cLa manguera\u201d, Bazurto All Stars, Colombia<\/p>\n<p>\u201cLa \u00faltima gota\u201d, Frank Di, M\u00e9xico<\/p>\n<p>\u201cLa patineta\u201d, Los Rabanes, Panam\u00e1<\/p>\n<p>\u201cWarmisitay\u201d, Milena Warthon, Per\u00fa<\/p>\n<p>Estas 12 canciones competir\u00e1n en el Festival de Vi\u00f1a 2023<\/p>\n","protected":false},"excerpt":{"rendered":"<p>Doce canciones de pa\u00edses que incluyen a Argentina, Chile, Colombia, Ecuador, Guatemala, M\u00e9xico, Panam\u00e1 y Per\u00fa. Festival de Vi\u00f1a 2023: Los cuales competir\u00e1n el pr\u00f3ximo a\u00f1o por la Gaviota de Plata en el Festival Internacional de la Canci\u00f3n de Vi\u00f1a del Mar. Con esto cuya 62a edici\u00f3n est\u00e1 prevista del 19 al 24 de febrero. [&hellip;]<\/p>\n","protected":false},"author":1,"featured_media":11039,"comment_status":"open","ping_status":"closed","sticky":false,"template":"","format":"standard","meta":{"footnotes":""},"categories":[4],"tags":[],"class_list":["post-11037","post","type-post","status-publish","format-standard","has-post-thumbnail","hentry","category-espectaculos"],"_links":{"self":[{"href":"https:\/\/podernacional.com\/index.php?rest_route=\/wp\/v2\/posts\/11037","targetHints":{"allow":["GET"]}}],"collection":[{"href":"https:\/\/podernacional.com\/index.php?rest_route=\/wp\/v2\/posts"}],"about":[{"href":"https:\/\/podernacional.com\/index.php?rest_route=\/wp\/v2\/types\/post"}],"author":[{"embeddable":true,"href":"https:\/\/podernacional.com\/index.php?rest_route=\/wp\/v2\/users\/1"}],"replies":[{"embeddable":true,"href":"https:\/\/podernacional.com\/index.php?rest_route=%2Fwp%2Fv2%2Fcomments&post=11037"}],"version-history":[{"count":1,"href":"https:\/\/podernacional.com\/index.php?rest_route=\/wp\/v2\/posts\/11037\/revisions"}],"predecessor-version":[{"id":11038,"href":"https:\/\/podernacional.com\/index.php?rest_route=\/wp\/v2\/posts\/11037\/revisions\/11038"}],"wp:featuredmedia":[{"embeddable":true,"href":"https:\/\/podernacional.com\/index.php?rest_route=\/wp\/v2\/media\/11039"}],"wp:attachment":[{"href":"https:\/\/podernacional.com\/index.php?rest_route=%2Fwp%2Fv2%2Fmedia&parent=11037"}],"wp:term":[{"taxonomy":"category","embeddable":true,"href":"https:\/\/podernacional.com\/index.php?rest_route=%2Fwp%2Fv2%2Fcategories&post=11037"},{"taxonomy":"post_tag","embeddable":true,"href":"https:\/\/podernacional.com\/index.php?rest_route=%2Fwp%2Fv2%2Ftags&post=11037"}],"curies":[{"name":"wp","href":"https:\/\/api.w.org\/{rel}","templated":true}]}}