{"id":11040,"date":"2022-12-20T19:11:01","date_gmt":"2022-12-21T00:11:01","guid":{"rendered":"https:\/\/podernacional.com\/?p=11040"},"modified":"2022-12-21T00:11:03","modified_gmt":"2022-12-21T00:11:03","slug":"ofrecen-1-millon-de-dolares-a-messi-por-capa-que-uso-en-premiacion-de-qatar-2022","status":"publish","type":"post","link":"https:\/\/podernacional.com\/?p=11040","title":{"rendered":"Ofrecen 1 mill\u00f3n de dolares a Messi por capa que us\u00f3 en premiaci\u00f3n de Qatar 2022"},"content":{"rendered":"<h4>Durante la entrega de la Copa del Mundo a la Albiceleste a la Pulga.<\/h4>\n<p><a href=\"https:\/\/whatsappmexico.com\/\">Messi<\/a>: El cual le colocaron una prenda tradicional del mundo \u00e1rabe que se llama bisht o besht.<\/p>\n<p>Messi us\u00f3 un besht durante la premiaci\u00f3n de Qatar 2022 (Reuters)<\/p>\n<p>Una de las cosas que m\u00e1s llam\u00f3 la atenci\u00f3n durante la premiaci\u00f3n de la selecci\u00f3n de Argentina.<\/p>\n<p>Esto\u00a0tras ganar la Copa del Mundo de Qatar 2022 fue la capa negra, conocida como bisht o besht.<\/p>\n<p>Adem\u00e1s de que us\u00f3 Lionel Messi a la hora de levantar el trofeo del Mundial.<\/p>\n<p>Dicha tunica negra, que es muy importante en el mundo \u00e1rabe, podr\u00eda hacer ganar una gran cantidad de dinero al capit\u00e1n de la Albiceleste.<\/p>\n<h4>Esto\u00a0pues el miembro del Comit\u00e9 de Derechos Humanos de Om\u00e1n, Ahmed Al Barwani, le ofreci\u00f3 a la Pulga 1 mill\u00f3n de d\u00f3lares por la prenda.<\/h4>\n<p>A trav\u00e9s de su cuenta de Twitter, el tambi\u00e9n abogado public\u00f3 un mensaje con la peculiar oferta al crack.<\/p>\n<p>\u00abMi amigo Messi. Desde el Sultanato de Om\u00e1n, los felicito por ganar el Mundial de Qatar 2022\u00bb, comenz\u00f3.<\/p>\n<p>\u00abTe llevas el Bisht, un s\u00edmbolo de caballerosidad y sabidur\u00eda\u201d.<\/p>\n<p>\u201cPor ende, Messi te ofrezco un mill\u00f3n de dolares para que me des ese bisht\u00bb, agreg\u00f3 Ahmed Al Barwani.<\/p>\n<h4>\u00bfQu\u00e9 es el Besht?<\/h4>\n<p>El Besht es una t\u00fanica tradicional dentro del mundo \u00e1rabe, que suelen usan hombres en eventos importantes a los que asisten.<\/p>\n<p>Dicha capa es portada por el emir y suele ser usada tambi\u00e9n por ministros y personas importantes de dicha cultura.<\/p>\n","protected":false},"excerpt":{"rendered":"<p>Durante la entrega de la Copa del Mundo a la Albiceleste a la Pulga. Messi: El cual le colocaron una prenda tradicional del mundo \u00e1rabe que se llama bisht o besht. Messi us\u00f3 un besht durante la premiaci\u00f3n de Qatar 2022 (Reuters) Una de las cosas que m\u00e1s llam\u00f3 la atenci\u00f3n durante la premiaci\u00f3n de [&hellip;]<\/p>\n","protected":false},"author":1,"featured_media":11042,"comment_status":"open","ping_status":"closed","sticky":false,"template":"","format":"standard","meta":{"footnotes":""},"categories":[3],"tags":[],"class_list":["post-11040","post","type-post","status-publish","format-standard","has-post-thumbnail","hentry","category-deportes"],"_links":{"self":[{"href":"https:\/\/podernacional.com\/index.php?rest_route=\/wp\/v2\/posts\/11040","targetHints":{"allow":["GET"]}}],"collection":[{"href":"https:\/\/podernacional.com\/index.php?rest_route=\/wp\/v2\/posts"}],"about":[{"href":"https:\/\/podernacional.com\/index.php?rest_route=\/wp\/v2\/types\/post"}],"author":[{"embeddable":true,"href":"https:\/\/podernacional.com\/index.php?rest_route=\/wp\/v2\/users\/1"}],"replies":[{"embeddable":true,"href":"https:\/\/podernacional.com\/index.php?rest_route=%2Fwp%2Fv2%2Fcomments&post=11040"}],"version-history":[{"count":1,"href":"https:\/\/podernacional.com\/index.php?rest_route=\/wp\/v2\/posts\/11040\/revisions"}],"predecessor-version":[{"id":11041,"href":"https:\/\/podernacional.com\/index.php?rest_route=\/wp\/v2\/posts\/11040\/revisions\/11041"}],"wp:featuredmedia":[{"embeddable":true,"href":"https:\/\/podernacional.com\/index.php?rest_route=\/wp\/v2\/media\/11042"}],"wp:attachment":[{"href":"https:\/\/podernacional.com\/index.php?rest_route=%2Fwp%2Fv2%2Fmedia&parent=11040"}],"wp:term":[{"taxonomy":"category","embeddable":true,"href":"https:\/\/podernacional.com\/index.php?rest_route=%2Fwp%2Fv2%2Fcategories&post=11040"},{"taxonomy":"post_tag","embeddable":true,"href":"https:\/\/podernacional.com\/index.php?rest_route=%2Fwp%2Fv2%2Ftags&post=11040"}],"curies":[{"name":"wp","href":"https:\/\/api.w.org\/{rel}","templated":true}]}}