{"id":11046,"date":"2022-12-20T19:29:55","date_gmt":"2022-12-21T00:29:55","guid":{"rendered":"https:\/\/podernacional.com\/?p=11046"},"modified":"2022-12-21T00:29:56","modified_gmt":"2022-12-21T00:29:56","slug":"tradicion-del-nacimiento-toma-fuerza-en-cancun-tras-intento-de-prohibicion","status":"publish","type":"post","link":"https:\/\/podernacional.com\/?p=11046","title":{"rendered":"Tradici\u00f3n del Nacimiento toma fuerza en Canc\u00fan tras intento de prohibici\u00f3n"},"content":{"rendered":"<h4>Durante el mes pasado, la SCJN present\u00f3 la iniciativa de prohibir su exhibici\u00f3n en espacios p\u00fablicos.<\/h4>\n<p>Tradici\u00f3n del Nacimiento: Se afianza tradici\u00f3n de nacimientos tras pol\u00e9mica con la SCJN.<\/p>\n<p>El uso de nacimientos como decoraci\u00f3n tradicional de la Navidad tuvo un alza significativa en los hogares cancunenses.<\/p>\n<p>Esto e incluso se superar\u00e1 lo de a\u00f1os anteriores, luego de la propuesta de ley para prohibir la exhibici\u00f3n de nacimientos, el pasado noviembre.<\/p>\n<p>Pedro Pablo Elizondo C\u00e1rdenas, obispo de la di\u00f3cesis Canc\u00fan \u2013 Chetumal.<\/p>\n<p>As\u00ed como que\u00a0coment\u00f3 que tras el intento de iniciativa presentada a la Suprema Corte de Justicia de la Naci\u00f3n (SCJN) el mes pasado.<\/p>\n<p>Adem\u00e1s de\u00a0la ciudadan\u00eda reaccion\u00f3 de tal forma que m\u00e1s de 100 iglesias cat\u00f3licas de Canc\u00fan contar\u00e1n con sus propios nacimientos.<\/p>\n<p>\u201cSe han multiplicado los nacimientos, por ejemplo, en la Ciudad de la Alegr\u00eda hab\u00eda cuatro dentro y fuera de su iglesia (\u2026)\u201d.<\/p>\n<p>\u201cEsto\u00a0Junto con el nacimiento, el pueblo piensa que les van a quitar las pi\u00f1atas, las fiestas, la celebraci\u00f3n\u201d.<\/p>\n<p>\u201cAdem\u00e1s de que\u00a0eso est\u00e1 muy arraigado en el pueblo y es un signo de muchos valores, como la paz, amor o alegr\u00eda entre la familia\u201d:<\/p>\n<h4>\u201cEntonces \u00bfpor qu\u00e9 les van a quitar eso?\u201d, mencion\u00f3.<\/h4>\n<p>En cuanto a las im\u00e1genes del Nacimiento impresas en lonas, monse\u00f1or se\u00f1al\u00f3 que se venden en las iglesias de Cristo Resucitado en la zona hotelera.<\/p>\n<p>As\u00ed como\u00a0la de Cristo Rey junto al parque de las Palapas, en la Catedral, en la de Nuestra Se\u00f1ora de F\u00e1tima en la supermanzana 59.<\/p>\n<p>Adem\u00e1s en la de Se\u00f1ora del Carmen sobre la avenida Puerto Ju\u00e1rez.<\/p>\n<p>\u00c9stas cuestan aproximadamente 150 pesos.<\/p>\n<p>As\u00ed como la postura de la di\u00f3cesis es que son con el prop\u00f3sito \u00fanico de que los creyentes.<\/p>\n<p>Los cuales pueden expresar\u00a0su fe cat\u00f3lica, y no un fin de lucro.<\/p>\n<p>\u201cSe compran principalmente para colocarlas en las ventanas de las casas y se venden como pan caliente; cada iglesia tiene su Nacimiento (\u2026)\u201d.<\/p>\n<p>As\u00ed como\u00a0Los nacimientos y las lonas van a mantenerse desde el 16 de diciembre hasta el seis de enero\u201d.<\/p>\n<p>\u201cAdem\u00e1s de que es el tiempo de Navidad\u201d, agreg\u00f3.<\/p>\n<p>Tradici\u00f3n del Nacimiento toma fuerza en Canc\u00fan tras intento de prohibici\u00f3n<\/p>\n","protected":false},"excerpt":{"rendered":"<p>Durante el mes pasado, la SCJN present\u00f3 la iniciativa de prohibir su exhibici\u00f3n en espacios p\u00fablicos. Tradici\u00f3n del Nacimiento: Se afianza tradici\u00f3n de nacimientos tras pol\u00e9mica con la SCJN. El uso de nacimientos como decoraci\u00f3n tradicional de la Navidad tuvo un alza significativa en los hogares cancunenses. Esto e incluso se superar\u00e1 lo de a\u00f1os [&hellip;]<\/p>\n","protected":false},"author":1,"featured_media":11048,"comment_status":"open","ping_status":"closed","sticky":false,"template":"","format":"standard","meta":{"footnotes":""},"categories":[6],"tags":[],"class_list":["post-11046","post","type-post","status-publish","format-standard","has-post-thumbnail","hentry","category-local"],"_links":{"self":[{"href":"https:\/\/podernacional.com\/index.php?rest_route=\/wp\/v2\/posts\/11046","targetHints":{"allow":["GET"]}}],"collection":[{"href":"https:\/\/podernacional.com\/index.php?rest_route=\/wp\/v2\/posts"}],"about":[{"href":"https:\/\/podernacional.com\/index.php?rest_route=\/wp\/v2\/types\/post"}],"author":[{"embeddable":true,"href":"https:\/\/podernacional.com\/index.php?rest_route=\/wp\/v2\/users\/1"}],"replies":[{"embeddable":true,"href":"https:\/\/podernacional.com\/index.php?rest_route=%2Fwp%2Fv2%2Fcomments&post=11046"}],"version-history":[{"count":1,"href":"https:\/\/podernacional.com\/index.php?rest_route=\/wp\/v2\/posts\/11046\/revisions"}],"predecessor-version":[{"id":11047,"href":"https:\/\/podernacional.com\/index.php?rest_route=\/wp\/v2\/posts\/11046\/revisions\/11047"}],"wp:featuredmedia":[{"embeddable":true,"href":"https:\/\/podernacional.com\/index.php?rest_route=\/wp\/v2\/media\/11048"}],"wp:attachment":[{"href":"https:\/\/podernacional.com\/index.php?rest_route=%2Fwp%2Fv2%2Fmedia&parent=11046"}],"wp:term":[{"taxonomy":"category","embeddable":true,"href":"https:\/\/podernacional.com\/index.php?rest_route=%2Fwp%2Fv2%2Fcategories&post=11046"},{"taxonomy":"post_tag","embeddable":true,"href":"https:\/\/podernacional.com\/index.php?rest_route=%2Fwp%2Fv2%2Ftags&post=11046"}],"curies":[{"name":"wp","href":"https:\/\/api.w.org\/{rel}","templated":true}]}}