{"id":11055,"date":"2022-12-21T18:05:49","date_gmt":"2022-12-21T23:05:49","guid":{"rendered":"https:\/\/podernacional.com\/?p=11055"},"modified":"2022-12-21T23:05:51","modified_gmt":"2022-12-21T23:05:51","slug":"mas-de-290-mil-personas-disfrutaron-del-festival-de-la-luz-por-television","status":"publish","type":"post","link":"https:\/\/podernacional.com\/?p=11055","title":{"rendered":"M\u00e1s de 290 mil personas disfrutaron del Festival de la Luz por televisi\u00f3n"},"content":{"rendered":"<h4>Cortes\u00eda Municipalidad de San Jos\u00e9.<\/h4>\n<p><a href=\"https:\/\/whatsappmexico.com\/?p=11191\">Festival<\/a> de la Luz: Una de las actividades m\u00e1s esperadas cada fin de a\u00f1o es el Festival de La Luz.<\/p>\n<p>Esto tras dos a\u00f1os de ausencia debido a la pandemia por Covid-19.<\/p>\n<p>Adem\u00e1s de cientos de personas tuvieron la oportunidad de disfrutarlo de forma presencial en su recorrido por Paseo Col\u00f3n y Avenida Segunda.<\/p>\n<p>Otra parte de la poblaci\u00f3n prefiri\u00f3 mirar la iluminaci\u00f3n, las bandas.<\/p>\n<p>Adem\u00e1s de\u00a0las carrozas a trav\u00e9s las transmisiones especiales de los canales nacionales 6, 7, 8.<\/p>\n<h4>En promedio y de forma consolidada, este evento alcanz\u00f3 un rating de 3,4% y tuvo un alcance de 293,935 personas.<\/h4>\n<p>Del total, el 56,92% de la audiencia fueron mujeres y el 43,08% fueron hombres, seg\u00fan datos de la firma Kantar IBOPE Media.<\/p>\n<p>En cuanto al tiempo que los televidentes estuvieron observando la transmisi\u00f3n, Kantar estima que este fue de 1:10 horas.<\/p>\n<p>Por su parte, la composici\u00f3n de la audiencia se dividi\u00f3 de la siguiente manera:<\/p>\n<p>Lo cual queda de 4 a 11 a\u00f1os (6,44%), de 12 a 17 a\u00f1os (5,93%).<\/p>\n<p>As\u00ed como\u00a0de 18 a 29 a\u00f1os (10,63%), de 30 a 44 a\u00f1os (26,02%), de 45 a 59 a\u00f1os (25,79%).<\/p>\n<p>Por \u00faltimo\u00a0de 60 a 99 a\u00f1os (25,29%).<\/p>\n<p>En cuanto a hogares, el estudio de audiencia reflej\u00f3 que el rating super\u00f3 el 7%.<\/p>\n<p>Esto\u00a0mientras que los hogares que sintonizaron el evento sobrepasaron los 212 mil.<\/p>\n","protected":false},"excerpt":{"rendered":"<p>Cortes\u00eda Municipalidad de San Jos\u00e9. Festival de la Luz: Una de las actividades m\u00e1s esperadas cada fin de a\u00f1o es el Festival de La Luz. Esto tras dos a\u00f1os de ausencia debido a la pandemia por Covid-19. Adem\u00e1s de cientos de personas tuvieron la oportunidad de disfrutarlo de forma presencial en su recorrido por Paseo [&hellip;]<\/p>\n","protected":false},"author":1,"featured_media":11057,"comment_status":"open","ping_status":"closed","sticky":false,"template":"","format":"standard","meta":{"footnotes":""},"categories":[4],"tags":[],"class_list":["post-11055","post","type-post","status-publish","format-standard","has-post-thumbnail","hentry","category-espectaculos"],"_links":{"self":[{"href":"https:\/\/podernacional.com\/index.php?rest_route=\/wp\/v2\/posts\/11055","targetHints":{"allow":["GET"]}}],"collection":[{"href":"https:\/\/podernacional.com\/index.php?rest_route=\/wp\/v2\/posts"}],"about":[{"href":"https:\/\/podernacional.com\/index.php?rest_route=\/wp\/v2\/types\/post"}],"author":[{"embeddable":true,"href":"https:\/\/podernacional.com\/index.php?rest_route=\/wp\/v2\/users\/1"}],"replies":[{"embeddable":true,"href":"https:\/\/podernacional.com\/index.php?rest_route=%2Fwp%2Fv2%2Fcomments&post=11055"}],"version-history":[{"count":1,"href":"https:\/\/podernacional.com\/index.php?rest_route=\/wp\/v2\/posts\/11055\/revisions"}],"predecessor-version":[{"id":11056,"href":"https:\/\/podernacional.com\/index.php?rest_route=\/wp\/v2\/posts\/11055\/revisions\/11056"}],"wp:featuredmedia":[{"embeddable":true,"href":"https:\/\/podernacional.com\/index.php?rest_route=\/wp\/v2\/media\/11057"}],"wp:attachment":[{"href":"https:\/\/podernacional.com\/index.php?rest_route=%2Fwp%2Fv2%2Fmedia&parent=11055"}],"wp:term":[{"taxonomy":"category","embeddable":true,"href":"https:\/\/podernacional.com\/index.php?rest_route=%2Fwp%2Fv2%2Fcategories&post=11055"},{"taxonomy":"post_tag","embeddable":true,"href":"https:\/\/podernacional.com\/index.php?rest_route=%2Fwp%2Fv2%2Ftags&post=11055"}],"curies":[{"name":"wp","href":"https:\/\/api.w.org\/{rel}","templated":true}]}}