{"id":11061,"date":"2022-12-21T18:51:12","date_gmt":"2022-12-21T23:51:12","guid":{"rendered":"https:\/\/podernacional.com\/?p=11061"},"modified":"2022-12-21T23:51:14","modified_gmt":"2022-12-21T23:51:14","slug":"que-paises-habrian-participado-en-el-mundial-de-qatar-2022-si-hubieran-sido-48-selecciones","status":"publish","type":"post","link":"https:\/\/podernacional.com\/?p=11061","title":{"rendered":"Qu\u00e9 pa\u00edses habr\u00edan participado en el Mundial de Qatar 2022 si hubieran sido 48 selecciones"},"content":{"rendered":"<h4>En la justa del 2026, en M\u00e9xico, Canad\u00e1 y Estados Unidos, el torneo tendr\u00e1 16 participantes m\u00e1s, pasando de 32 a 48 equipos.<\/h4>\n<p>Pa\u00edses: Con la Copa del Mundo de Qatar finalizada, muchos ya empiezan a imaginar c\u00f3mo ser\u00e1 la pr\u00f3xima edici\u00f3n, con m\u00e1s selecciones.<\/p>\n<p>La justa del 2026, el torneo tendr\u00e1 16 participantes m\u00e1s, pasando de 32 a 48 equipos.<\/p>\n<p>Todav\u00eda no se sabe con certeza qu\u00e9 formato tendr\u00e1 el certamen, con FIFA a\u00fan analizando diversas opciones.<\/p>\n<p>Pero ESPN decidi\u00f3 hacer un ejercicio de imaginaci\u00f3n como si el aumento de equipos ya se hubiera dado en Qatar 2022.<\/p>\n<p>Tomando como base los formatos actuales de las eliminatorias, que cambiar\u00e1n a 2026.<\/p>\n<p>As\u00ed como de la cantidad de equipos que tendr\u00e1 cada confederaci\u00f3n en el pr\u00f3ximo mundial para saber cu\u00e1les ser\u00edan los otros clasificados para Qatar.<\/p>\n<h4>En la justa del 2026, el torneo tendr\u00e1 16 participantes m\u00e1s, pasando de 32 a 48 equipos.<\/h4>\n<p>Seg\u00fan esta &#8216;simulaci\u00f3n&#8217;, Mal\u00ed, Om\u00e1n y Macedonia del Norte hubieran debutado en el torneo, junto a Siria e Islas Salom\u00f3n.<\/p>\n<p>Adem\u00e1s de que buscar\u00edan un puesto en la repesca mundial. Italia, por su parte, quedar\u00eda fuera de la competici\u00f3n.<\/p>\n<h4>\u00bfQu\u00e9 equipos hubieran jugado el Mundial 2022?<\/h4>\n<p>UEFA: Macedonia del Norte, Ucrania y Suecia<\/p>\n<p>CAF: Egipto, Argelia, Nigeria y Mal\u00ed (Congo en repesca)<\/p>\n<p>AFC: EAU, Irak, Om\u00e1n y (China o Siria en repesca)<\/p>\n<p>CONMEBOL: Per\u00fa y Colombia (Chile a Repechaje)<\/p>\n<p>CONCACAF: Panam\u00e1 y Jamaica (El Salvador y Honduras a Repechaje)<\/p>\n<p>OFC: Nueva Zelanda (Islas Salom\u00f3n a Repechaje)<\/p>\n<h4>\u00bfCu\u00e1ntos equipos clasificar\u00e1n por continente?<\/h4>\n<p>Con el cambio en el n\u00famero de equipos en la Copa, el reparto de plazas tambi\u00e9n ser\u00e1 diferente.<\/p>\n<p>UEFA: 16 lugares (antes 13)<\/p>\n<p>CAF: 9 lugares y 1 en Repechaje (antes 5)<\/p>\n<p>AFC: 8 lugares y 1 en Repechaje (antes 4 y 1 en Repechaje)<\/p>\n<p>CONMEBOL: 6 lugares y 1 en Repechaje (antes 4 y 1 en Repechaje)<\/p>\n<p>CONCACAF: 6 lugares y 2 en Repechaje (antes 3 y 1 en Repechaje)<\/p>\n<p>OFC: 1 lugar y 1 en Repechaje (antes 1 en Repechaje)<\/p>\n<h4>Cambios en las eliminatorias<\/h4>\n<p>Con el aumento de plazas para el Mundial 2026 pueden surgir nuevos formatos.<\/p>\n<p>Ya se han confirmado algunos datos, pero no se ha definido toda la normativa, como ocurri\u00f3 en \u00c1frica, Ocean\u00eda y Europa.<\/p>\n<p>En Sudam\u00e9rica, la Conmebol ya confirm\u00f3 que mantendr\u00e1 su formato actual, con los 10 equipos enfrent\u00e1ndose directamente en ida y vuelta.<\/p>\n<p>Pero ahora, con los 6 mejores clasificados directos, y el s\u00e9ptimo disputando repechaje mundial.<\/p>\n<p>El inicio de la eliminatoria ser\u00e1 en marzo de 2023.<\/p>\n<p>En Concacaf, M\u00e9xico, Estados Unidos y Canad\u00e1 tienen asegurado su participaci\u00f3n en el Mundial 2026 al ser anfitriones.<\/p>\n<h4>Las dem\u00e1s vacantes deber\u00e1n definirse mediante el mismo formato que se jug\u00f3 anteriormente, en tres fases.<\/h4>\n<p>Esto\u00a0siendo la \u00faltima para definir clasificados y equipos que disputar\u00e1n el repechaje.<\/p>\n<p>Asia, por su parte, es el \u00fanico continente que ha anunciado cambios dr\u00e1sticos de formato.<\/p>\n<p>Anteriormente, todo se defin\u00eda en tres fases (Pa\u00edses).<\/p>\n<p>Ahora, se han creado dos nuevas fases para definir los nuevos clasificados. El inicio de la eliminatoria ser\u00e1 en octubre de 2023.<\/p>\n<p>Qu\u00e9 pa\u00edses habr\u00edan participado si hubieran sido 48 selecciones<\/p>\n","protected":false},"excerpt":{"rendered":"<p>En la justa del 2026, en M\u00e9xico, Canad\u00e1 y Estados Unidos, el torneo tendr\u00e1 16 participantes m\u00e1s, pasando de 32 a 48 equipos. Pa\u00edses: Con la Copa del Mundo de Qatar finalizada, muchos ya empiezan a imaginar c\u00f3mo ser\u00e1 la pr\u00f3xima edici\u00f3n, con m\u00e1s selecciones. La justa del 2026, el torneo tendr\u00e1 16 participantes m\u00e1s, [&hellip;]<\/p>\n","protected":false},"author":1,"featured_media":11063,"comment_status":"open","ping_status":"closed","sticky":false,"template":"","format":"standard","meta":{"footnotes":""},"categories":[5],"tags":[],"class_list":["post-11061","post","type-post","status-publish","format-standard","has-post-thumbnail","hentry","category-internacional"],"_links":{"self":[{"href":"https:\/\/podernacional.com\/index.php?rest_route=\/wp\/v2\/posts\/11061","targetHints":{"allow":["GET"]}}],"collection":[{"href":"https:\/\/podernacional.com\/index.php?rest_route=\/wp\/v2\/posts"}],"about":[{"href":"https:\/\/podernacional.com\/index.php?rest_route=\/wp\/v2\/types\/post"}],"author":[{"embeddable":true,"href":"https:\/\/podernacional.com\/index.php?rest_route=\/wp\/v2\/users\/1"}],"replies":[{"embeddable":true,"href":"https:\/\/podernacional.com\/index.php?rest_route=%2Fwp%2Fv2%2Fcomments&post=11061"}],"version-history":[{"count":1,"href":"https:\/\/podernacional.com\/index.php?rest_route=\/wp\/v2\/posts\/11061\/revisions"}],"predecessor-version":[{"id":11062,"href":"https:\/\/podernacional.com\/index.php?rest_route=\/wp\/v2\/posts\/11061\/revisions\/11062"}],"wp:featuredmedia":[{"embeddable":true,"href":"https:\/\/podernacional.com\/index.php?rest_route=\/wp\/v2\/media\/11063"}],"wp:attachment":[{"href":"https:\/\/podernacional.com\/index.php?rest_route=%2Fwp%2Fv2%2Fmedia&parent=11061"}],"wp:term":[{"taxonomy":"category","embeddable":true,"href":"https:\/\/podernacional.com\/index.php?rest_route=%2Fwp%2Fv2%2Fcategories&post=11061"},{"taxonomy":"post_tag","embeddable":true,"href":"https:\/\/podernacional.com\/index.php?rest_route=%2Fwp%2Fv2%2Ftags&post=11061"}],"curies":[{"name":"wp","href":"https:\/\/api.w.org\/{rel}","templated":true}]}}