{"id":11076,"date":"2022-12-22T19:46:54","date_gmt":"2022-12-23T00:46:54","guid":{"rendered":"https:\/\/podernacional.com\/?p=11076"},"modified":"2022-12-23T00:46:56","modified_gmt":"2022-12-23T00:46:56","slug":"chencho-corleone-ivy-queen-y-arcangel-encabezan-festival-suena-en-bogota","status":"publish","type":"post","link":"https:\/\/podernacional.com\/?p=11076","title":{"rendered":"Chencho Corleone, Ivy Queen y Arc\u00e1ngel encabezan festival Suena en Bogot\u00e1"},"content":{"rendered":"<h4>As\u00ed que los ic\u00f3nicos representantes puertorrique\u00f1os del reguet\u00f3n Arc\u00e1ngel, Chencho Corleone, Ivy Queen y Zion &amp; Lenno.<\/h4>\n<p><a href=\"https:\/\/whatsappmexico.com\/\">Festival<\/a> Suena: Los cuales encabezan la primera edici\u00f3n del Festival Suena, que tendr\u00e1 lugar el 25 de febrero en Bogot\u00e1.<\/p>\n<p>Se trata de un nuevo festival que \u00abhar\u00e1 de la capital colombiana el m\u00e1s grande templo del flow\u00bb.<\/p>\n<p>Lugar donde los amantes del reguet\u00f3n podr\u00e1n \u00abdisfrutar de los \u00e9xitos que se tomaron la escena mundial en la primera d\u00e9cada del 2000\u00bb.<\/p>\n<p>Adem\u00e1s que seg\u00fan prometieron los organizadores, Diomar Garc\u00eda y Stage.<\/p>\n<p>As\u00ed, la capital colombiana podr\u00e1 disfrutar de \u00e9xitos como \u00abYo quiero bailar\u00bb de una de las m\u00e1ximas exponentes del g\u00e9nero.<\/p>\n<h4>Adem\u00e1s de\u00a0\u00abla caballota\u00bb Ivy Queen, o de \u00abAhora dice\u00bb de Arc\u00e1ngel.<\/h4>\n<p>As\u00ed con de la nueva faceta del integrante de Plan B, Chencho Corleone.<\/p>\n<p>Adem\u00e1s de\u00a0que triunfa en las listas de hits en todo el mundo con sus colaboraciones con BadBunny (\u00abMe porto bonito\u00bb) o Rauw Alejandro (\u00abDesesperados\u00bb).<\/p>\n<p>Adem\u00e1s, el d\u00fao Zion &amp; Lennox, que act\u00faan ese mismo d\u00eda en Medell\u00edn.<\/p>\n<p>As\u00ed como que\u00a0recordar\u00e1n con los colombianos grandes hits, como \u201cZundada\u201d, \u201cLa player\u201d, \u201cPierdo la cabeza\u201d y muchos m\u00e1s.<\/p>\n<p>El festival tendr\u00e1 lugar en el Movistar Arena y las entradas para escuchar a las leyendas del reguet\u00f3n saldr\u00e1n a la venta este viernes<\/p>\n<p>Chencho Corleone, Ivy Queen y Arc\u00e1ngel encabezan festival Suena en Bogot\u00e1<\/p>\n<p>&nbsp;<\/p>\n","protected":false},"excerpt":{"rendered":"<p>As\u00ed que los ic\u00f3nicos representantes puertorrique\u00f1os del reguet\u00f3n Arc\u00e1ngel, Chencho Corleone, Ivy Queen y Zion &amp; Lenno. Festival Suena: Los cuales encabezan la primera edici\u00f3n del Festival Suena, que tendr\u00e1 lugar el 25 de febrero en Bogot\u00e1. Se trata de un nuevo festival que \u00abhar\u00e1 de la capital colombiana el m\u00e1s grande templo del flow\u00bb. [&hellip;]<\/p>\n","protected":false},"author":1,"featured_media":11078,"comment_status":"open","ping_status":"closed","sticky":false,"template":"","format":"standard","meta":{"footnotes":""},"categories":[2],"tags":[],"class_list":["post-11076","post","type-post","status-publish","format-standard","has-post-thumbnail","hentry","category-cultural"],"_links":{"self":[{"href":"https:\/\/podernacional.com\/index.php?rest_route=\/wp\/v2\/posts\/11076","targetHints":{"allow":["GET"]}}],"collection":[{"href":"https:\/\/podernacional.com\/index.php?rest_route=\/wp\/v2\/posts"}],"about":[{"href":"https:\/\/podernacional.com\/index.php?rest_route=\/wp\/v2\/types\/post"}],"author":[{"embeddable":true,"href":"https:\/\/podernacional.com\/index.php?rest_route=\/wp\/v2\/users\/1"}],"replies":[{"embeddable":true,"href":"https:\/\/podernacional.com\/index.php?rest_route=%2Fwp%2Fv2%2Fcomments&post=11076"}],"version-history":[{"count":1,"href":"https:\/\/podernacional.com\/index.php?rest_route=\/wp\/v2\/posts\/11076\/revisions"}],"predecessor-version":[{"id":11077,"href":"https:\/\/podernacional.com\/index.php?rest_route=\/wp\/v2\/posts\/11076\/revisions\/11077"}],"wp:featuredmedia":[{"embeddable":true,"href":"https:\/\/podernacional.com\/index.php?rest_route=\/wp\/v2\/media\/11078"}],"wp:attachment":[{"href":"https:\/\/podernacional.com\/index.php?rest_route=%2Fwp%2Fv2%2Fmedia&parent=11076"}],"wp:term":[{"taxonomy":"category","embeddable":true,"href":"https:\/\/podernacional.com\/index.php?rest_route=%2Fwp%2Fv2%2Fcategories&post=11076"},{"taxonomy":"post_tag","embeddable":true,"href":"https:\/\/podernacional.com\/index.php?rest_route=%2Fwp%2Fv2%2Ftags&post=11076"}],"curies":[{"name":"wp","href":"https:\/\/api.w.org\/{rel}","templated":true}]}}