{"id":11079,"date":"2022-12-22T19:54:09","date_gmt":"2022-12-23T00:54:09","guid":{"rendered":"https:\/\/podernacional.com\/?p=11079"},"modified":"2022-12-23T00:54:10","modified_gmt":"2022-12-23T00:54:10","slug":"el-festival-donizetti-avanza-su-oferta-operistica-para-el-edicion-de-2023","status":"publish","type":"post","link":"https:\/\/podernacional.com\/?p=11079","title":{"rendered":"El Festival Donizetti avanza su oferta oper\u00edstica para el edici\u00f3n de 2023"},"content":{"rendered":"<h4>La programaci\u00f3n comprende la recuperaci\u00f3n de Il diluvio universal, la versi\u00f3n francesa Lucie de Lammermoor.<\/h4>\n<p>El Festival Donizetti: As\u00ed como la celebraci\u00f3n del segundo centenario del estreno de Alfredo il Grande<\/p>\n<p>Reci\u00e9n culminada la octava edici\u00f3n, el Festival Donizetti de B\u00e9rgamo celebra con entusiasmo el \u00e9xito en taquilla.<\/p>\n<p>As\u00ed como \u00a0\u2013 con un 30% de p\u00fablico extranjero y un total de 12.251 asistentes, 2.000 m\u00e1s que en el a\u00f1o pasado -.<\/p>\n<p>Adem\u00e1s del mayor apoyo de los patrocinadores y adelanta los 3 t\u00edtulos oper\u00edsticos que podr\u00e1n verse en 2023.<\/p>\n<p>El pr\u00f3ximo oto\u00f1o, B\u00e9rgamo alojar\u00e1 el Festival entre el 16 de noviembre y el 3 de diciembre.<\/p>\n<p>Abrir\u00e1 la programaci\u00f3n una nueva producci\u00f3n de Il diluvio universal.<\/p>\n<p>Adem\u00e1s de\u00a0acci\u00f3n tr\u00e1gico-sacra que presentar\u00e1 desde el podio Riccardo Frizza, director musical del Festival.<\/p>\n<h4>Esto\u00a0seg\u00fan la edici\u00f3n cr\u00edtica de Edoardo Cavalli para la Fundaci\u00f3n Teatro Donizetti.<\/h4>\n<p>El proyecto #donizetti200 contar\u00e1 con un nuevo t\u00edtulo el pr\u00f3ximo a\u00f1o.<\/p>\n<p>El cual\u00a0celebra los 200 a\u00f1os del estreno del drama heroico Alfredo il Grande (N\u00e1poles, 1823).<\/p>\n<p>Tambi\u00e9n con edici\u00f3n de Edoardo Cavalli, esta \u00f3pera pertenece a la \u00e9poca de mayor experimentaci\u00f3n de Donizetti.<\/p>\n<p>Se representar\u00e1 en versi\u00f3n semiescenificada, con direcci\u00f3n esc\u00e9nica de Stefano Simone Pintor y musical de Corrado Rovaris.<\/p>\n<p>Por \u00faltimo, la tercera propuesta de la edici\u00f3n de 2023 ser\u00e1 la versi\u00f3n francesa de Lucia di Lammermoor, Lucie de Lammermoor.<\/p>\n<p>Adem\u00e1s de\u00a0que se present\u00f3 en el Th\u00e9\u00e2tre de la Renaissance di Parigi en 1839 y fue acogida con gran \u00e9xito.<\/p>\n<p>Para ello, Donizetti modific\u00f3 los recitativos, excluy\u00f3 el personaje secundario de Alisa y elimin\u00f3 y sustituy\u00f3 algunas arias.<\/p>\n<h4>Jacopo Spirei, asistente de Graham Vick, firma el montaje esc\u00e9nico.<\/h4>\n<p>En el podio, el Festival recibir\u00e1 al maestro Pierre Dumoussaud, que realizar\u00e1 su debut en Italia.<\/p>\n<p>Cada fin de semana (16, 23 y 30 de noviembre) se abrir\u00e1 con una sesi\u00f3n LU OperaRave, en la que la m\u00fasica de Donizetti.<\/p>\n<p>As\u00ed como que se mezclar\u00e1 con electr\u00f3nica, de mano diferentes artistas vinculados al sello Fluidostudio.<\/p>\n","protected":false},"excerpt":{"rendered":"<p>La programaci\u00f3n comprende la recuperaci\u00f3n de Il diluvio universal, la versi\u00f3n francesa Lucie de Lammermoor. El Festival Donizetti: As\u00ed como la celebraci\u00f3n del segundo centenario del estreno de Alfredo il Grande Reci\u00e9n culminada la octava edici\u00f3n, el Festival Donizetti de B\u00e9rgamo celebra con entusiasmo el \u00e9xito en taquilla. As\u00ed como \u00a0\u2013 con un 30% de [&hellip;]<\/p>\n","protected":false},"author":1,"featured_media":11081,"comment_status":"open","ping_status":"closed","sticky":false,"template":"","format":"standard","meta":{"footnotes":""},"categories":[4],"tags":[],"class_list":["post-11079","post","type-post","status-publish","format-standard","has-post-thumbnail","hentry","category-espectaculos"],"_links":{"self":[{"href":"https:\/\/podernacional.com\/index.php?rest_route=\/wp\/v2\/posts\/11079","targetHints":{"allow":["GET"]}}],"collection":[{"href":"https:\/\/podernacional.com\/index.php?rest_route=\/wp\/v2\/posts"}],"about":[{"href":"https:\/\/podernacional.com\/index.php?rest_route=\/wp\/v2\/types\/post"}],"author":[{"embeddable":true,"href":"https:\/\/podernacional.com\/index.php?rest_route=\/wp\/v2\/users\/1"}],"replies":[{"embeddable":true,"href":"https:\/\/podernacional.com\/index.php?rest_route=%2Fwp%2Fv2%2Fcomments&post=11079"}],"version-history":[{"count":1,"href":"https:\/\/podernacional.com\/index.php?rest_route=\/wp\/v2\/posts\/11079\/revisions"}],"predecessor-version":[{"id":11080,"href":"https:\/\/podernacional.com\/index.php?rest_route=\/wp\/v2\/posts\/11079\/revisions\/11080"}],"wp:featuredmedia":[{"embeddable":true,"href":"https:\/\/podernacional.com\/index.php?rest_route=\/wp\/v2\/media\/11081"}],"wp:attachment":[{"href":"https:\/\/podernacional.com\/index.php?rest_route=%2Fwp%2Fv2%2Fmedia&parent=11079"}],"wp:term":[{"taxonomy":"category","embeddable":true,"href":"https:\/\/podernacional.com\/index.php?rest_route=%2Fwp%2Fv2%2Fcategories&post=11079"},{"taxonomy":"post_tag","embeddable":true,"href":"https:\/\/podernacional.com\/index.php?rest_route=%2Fwp%2Fv2%2Ftags&post=11079"}],"curies":[{"name":"wp","href":"https:\/\/api.w.org\/{rel}","templated":true}]}}