{"id":11085,"date":"2022-12-22T20:02:33","date_gmt":"2022-12-23T01:02:33","guid":{"rendered":"https:\/\/podernacional.com\/?p=11085"},"modified":"2022-12-23T01:02:35","modified_gmt":"2022-12-23T01:02:35","slug":"oscars-2023-argentina-1985-preseleccionada-como-mejor-pelicula-internacional","status":"publish","type":"post","link":"https:\/\/podernacional.com\/?p=11085","title":{"rendered":"Oscars 2023: &quot;Argentina, 1985&quot;, preseleccionada como mejor pel\u00edcula internacional"},"content":{"rendered":"<h4>La pel\u00edcula protagonizada por Ricardo Dar\u00edn y Peter Lanzani est\u00e1 cada vez m\u00e1s cerca de llegar a lo m\u00e1s alto del cine mundial.<\/h4>\n<p>Oscars 2023: \u00abArgentina, 1985\u00bb, preseleccionada como mejor pel\u00edcula internacional<\/p>\n<p>La Academia de Artes y Ciencias Cinematogr\u00e1ficas de Hollywood anunci\u00f3 que \u00abArgentina, 1985\u00bb fue preseleccionada para competir.<\/p>\n<p>Esto\u00a0por el Premio Oscar 2023 en el rubro de Mejor Pel\u00edcula Internacional.<\/p>\n<p>El film dirigido por Santiago Mitre y protagonizado por Ricardo Dar\u00edn y Peter Lanzani est\u00e1 entre los 15 finalistas de la categor\u00eda.<\/p>\n<p>El pr\u00f3ximo 24 de enero se anunciar\u00e1n oficialmente las nominaciones.<\/p>\n<p>Adem\u00e1s de que\u00a0se develar\u00e1 si la producci\u00f3n argentina se encuentra \u00a0entre las cinco \u00a0pel\u00edculas que \u00a0competir\u00e1n por la estatuilla.<\/p>\n<p>Esto\u00a0en la ceremonia del 12 de marzo en el Dolby Theatre de Los \u00c1ngeles.<\/p>\n<h4>Los otros largometrajes preseleccionados son:<\/h4>\n<p>\u00abEO\u00bb (Polonia), \u00abDecisi\u00f3n de partir\u00bb (Corea del Sur) y \u00abCairo Conspiracy\u00bb (Suecia), \u00abCorsage\u00bb (Austria), \u00abClose\u00bb (B\u00e9lgica), \u00abReturn to Seoul\u00bb (Camboya).<\/p>\n<p>As\u00ed como de:\u00a0\u00abHoly Spider\u00bb (Dinamarca), \u00abSaint Omer\u00bb (Francia), \u00abSin novedad en el frente\u00bb (Alemania), \u00abLast Film Show\u00bb (India), \u00abThe Quiet Girl\u00bb (Irlanda).<\/p>\n<p>Adem\u00e1s de:\u00a0\u00abBardo, falsa cr\u00f3nica de unas cuantas verdades\u00bb (M\u00e9xico), \u00abThe Blue Caftan\u00bb (Marruecos), \u00abJoyland\u00bb (Pakist\u00e1n).<\/p>\n<p>Este film, que fue un \u00e9xito en los cines y ya \u00a0se encuentra disponible en Prime Video, est\u00e1 inspirado en la historia real de los fiscales Julio Strassera.<\/p>\n<p>Adem\u00e1s de\u00a0Luis Moreno Ocampo, quienes llevaron adelante en 1985 el juicio a las Juntas de la dictadura militar Argentina.<\/p>\n<p>\u00abSin dejarse intimidar por la todav\u00eda considerable influencia militar en la nueva y fr\u00e1gil democracia, , Strassera\u201d.<\/p>\n<p>\u201cAs\u00ed como de\u00a0Moreno Ocampo reunieron con un equipo jur\u00eddico para dar batalla, soportando una amenaza permanente sobre ellos y su familia\u201d.<\/p>\n<p>\u201cEsto\u00a0para hacer justicia a las v\u00edctimas de la junta militar\u00bb, indica la sinopsis.<\/p>\n<p>Oscars 2023: \u00abArgentina, 1985\u00bb, como mejor pel\u00edcula internacional<\/p>\n","protected":false},"excerpt":{"rendered":"<p>La pel\u00edcula protagonizada por Ricardo Dar\u00edn y Peter Lanzani est\u00e1 cada vez m\u00e1s cerca de llegar a lo m\u00e1s alto del cine mundial. Oscars 2023: \u00abArgentina, 1985\u00bb, preseleccionada como mejor pel\u00edcula internacional La Academia de Artes y Ciencias Cinematogr\u00e1ficas de Hollywood anunci\u00f3 que \u00abArgentina, 1985\u00bb fue preseleccionada para competir. Esto\u00a0por el Premio Oscar 2023 en [&hellip;]<\/p>\n","protected":false},"author":1,"featured_media":11087,"comment_status":"open","ping_status":"closed","sticky":false,"template":"","format":"standard","meta":{"footnotes":""},"categories":[5],"tags":[],"class_list":["post-11085","post","type-post","status-publish","format-standard","has-post-thumbnail","hentry","category-internacional"],"_links":{"self":[{"href":"https:\/\/podernacional.com\/index.php?rest_route=\/wp\/v2\/posts\/11085","targetHints":{"allow":["GET"]}}],"collection":[{"href":"https:\/\/podernacional.com\/index.php?rest_route=\/wp\/v2\/posts"}],"about":[{"href":"https:\/\/podernacional.com\/index.php?rest_route=\/wp\/v2\/types\/post"}],"author":[{"embeddable":true,"href":"https:\/\/podernacional.com\/index.php?rest_route=\/wp\/v2\/users\/1"}],"replies":[{"embeddable":true,"href":"https:\/\/podernacional.com\/index.php?rest_route=%2Fwp%2Fv2%2Fcomments&post=11085"}],"version-history":[{"count":1,"href":"https:\/\/podernacional.com\/index.php?rest_route=\/wp\/v2\/posts\/11085\/revisions"}],"predecessor-version":[{"id":11086,"href":"https:\/\/podernacional.com\/index.php?rest_route=\/wp\/v2\/posts\/11085\/revisions\/11086"}],"wp:featuredmedia":[{"embeddable":true,"href":"https:\/\/podernacional.com\/index.php?rest_route=\/wp\/v2\/media\/11087"}],"wp:attachment":[{"href":"https:\/\/podernacional.com\/index.php?rest_route=%2Fwp%2Fv2%2Fmedia&parent=11085"}],"wp:term":[{"taxonomy":"category","embeddable":true,"href":"https:\/\/podernacional.com\/index.php?rest_route=%2Fwp%2Fv2%2Fcategories&post=11085"},{"taxonomy":"post_tag","embeddable":true,"href":"https:\/\/podernacional.com\/index.php?rest_route=%2Fwp%2Fv2%2Ftags&post=11085"}],"curies":[{"name":"wp","href":"https:\/\/api.w.org\/{rel}","templated":true}]}}