{"id":11088,"date":"2022-12-22T20:07:49","date_gmt":"2022-12-23T01:07:49","guid":{"rendered":"https:\/\/podernacional.com\/?p=11088"},"modified":"2022-12-23T01:07:51","modified_gmt":"2022-12-23T01:07:51","slug":"laboraran-medio-dia-en-navidad-modulos-sabatinos-de-predial-2023-en-cancun","status":"publish","type":"post","link":"https:\/\/podernacional.com\/?p=11088","title":{"rendered":"Laborar\u00e1n medio d\u00eda en navidad m\u00f3dulos sabatinos de predial 2023 en Canc\u00fan"},"content":{"rendered":"<h4>El Ayuntamiento de Benito Ju\u00e1rez informa que los siete m\u00f3dulos para estado de cuenta.<\/h4>\n<p>Laborar\u00e1n medio d\u00eda: As\u00ed como de pago de predial correspondiente al ejercicio fiscal 2023 que funcionan mediod\u00eda los s\u00e1bados.<\/p>\n<p>Los cuales\u00a0laborar\u00e1n con normalidad en sus respectivos horarios este s\u00e1bado 24 de diciembre y suspender\u00e1n la atenci\u00f3n el domingo 25 de diciembre.<\/p>\n<p>El cual\u00a0para reanudar sus actividades el pr\u00f3ximo lunes 26 de diciembre.<\/p>\n<p>Los m\u00f3dulos que estar\u00e1n funcionando previo a la v\u00edspera de Navidad este s\u00e1bado 24 de diciembre son:<\/p>\n<p>Palacio Municipal, de 9:00 a 13:00 horas; Sindicato de Taxistas y oficinas de Tr\u00e1nsito Municipal, de 8:00 a 13:00 horas.<\/p>\n<p>As\u00ed como del Registro Civil frente al Parque de las Palapas, de 8:00 a 14:00 horas; Plaza Las Am\u00e9ricas.<\/p>\n<p>Adem\u00e1s de\u00a0Plaza Outlet, de 10:00 a 14:00 horas, y Plaza Mis H\u00e9roes, de 9:00 a 13:00 horas.<\/p>\n<p>Cabe recordar que en total son 17 m\u00f3dulos los que est\u00e1n instalados en diferentes zonas de la ciudad.<\/p>\n<h4>Esto para que los ciudadanos puedan aprovechar los incentivos de la campa\u00f1a \u201cAh\u00f3rrate una lanita\u201d.<\/h4>\n<p>Adem\u00e1s de que existe la opci\u00f3n permanente las 24 horas del d\u00eda y los siete d\u00edas de la semana de pago de predial.<\/p>\n<p>Esto a\u00a0trav\u00e9s de transferencia bancaria en el banco de su preferencia, a trav\u00e9s de la aplicaci\u00f3n \u201cCanc\u00fan M\u00f3vil\u201d o en el portal oficial: www.cancun.gob.mx.<\/p>\n<p>Actualmente en la jornada de descuento en el pago predial se cuenta con el 15 por ciento menos.<\/p>\n<p>As\u00ed como promoci\u00f3n que se encontrar\u00e1 vigente hasta el 31 de diciembre del presente a\u00f1o.<\/p>\n<p>En el caso del 50 por ciento de descuento para jubilados, pensionados y adultos mayores.<\/p>\n<p>As\u00ed como personas con discapacidad se mantiene vigente dicho subsidio hasta el 31 de marzo del siguiente a\u00f1o, en los dos m\u00f3dulos que son:<\/p>\n<p>Palacio Municipal y Ventanilla \u00danica de Tr\u00e1mites y Servicios, del Instituto Municipal de Desarrollo Administrativo e Innovaci\u00f3n (IMDAI).<\/p>\n<p>Dentro del periodo de esta campa\u00f1a, el gobierno municipal tambi\u00e9n ofrece otros subsidios fiscales complementarios como son:<\/p>\n<p>Adem\u00e1s del 50 por ciento menos en recargos y 100 por ciento en multas impuestos por motivo del predial, de Ingresos.<\/p>\n<p>As\u00ed como 50 por ciento menos en cambio de propietario y cambio de condici\u00f3n de Catastro.<\/p>\n<p>Laborar\u00e1n medio d\u00eda en navidad m\u00f3dulos sabatinos de predial 2023<\/p>\n<p>&nbsp;<\/p>\n","protected":false},"excerpt":{"rendered":"<p>El Ayuntamiento de Benito Ju\u00e1rez informa que los siete m\u00f3dulos para estado de cuenta. Laborar\u00e1n medio d\u00eda: As\u00ed como de pago de predial correspondiente al ejercicio fiscal 2023 que funcionan mediod\u00eda los s\u00e1bados. Los cuales\u00a0laborar\u00e1n con normalidad en sus respectivos horarios este s\u00e1bado 24 de diciembre y suspender\u00e1n la atenci\u00f3n el domingo 25 de diciembre. [&hellip;]<\/p>\n","protected":false},"author":1,"featured_media":11090,"comment_status":"open","ping_status":"closed","sticky":false,"template":"","format":"standard","meta":{"footnotes":""},"categories":[6],"tags":[],"class_list":["post-11088","post","type-post","status-publish","format-standard","has-post-thumbnail","hentry","category-local"],"_links":{"self":[{"href":"https:\/\/podernacional.com\/index.php?rest_route=\/wp\/v2\/posts\/11088","targetHints":{"allow":["GET"]}}],"collection":[{"href":"https:\/\/podernacional.com\/index.php?rest_route=\/wp\/v2\/posts"}],"about":[{"href":"https:\/\/podernacional.com\/index.php?rest_route=\/wp\/v2\/types\/post"}],"author":[{"embeddable":true,"href":"https:\/\/podernacional.com\/index.php?rest_route=\/wp\/v2\/users\/1"}],"replies":[{"embeddable":true,"href":"https:\/\/podernacional.com\/index.php?rest_route=%2Fwp%2Fv2%2Fcomments&post=11088"}],"version-history":[{"count":1,"href":"https:\/\/podernacional.com\/index.php?rest_route=\/wp\/v2\/posts\/11088\/revisions"}],"predecessor-version":[{"id":11089,"href":"https:\/\/podernacional.com\/index.php?rest_route=\/wp\/v2\/posts\/11088\/revisions\/11089"}],"wp:featuredmedia":[{"embeddable":true,"href":"https:\/\/podernacional.com\/index.php?rest_route=\/wp\/v2\/media\/11090"}],"wp:attachment":[{"href":"https:\/\/podernacional.com\/index.php?rest_route=%2Fwp%2Fv2%2Fmedia&parent=11088"}],"wp:term":[{"taxonomy":"category","embeddable":true,"href":"https:\/\/podernacional.com\/index.php?rest_route=%2Fwp%2Fv2%2Fcategories&post=11088"},{"taxonomy":"post_tag","embeddable":true,"href":"https:\/\/podernacional.com\/index.php?rest_route=%2Fwp%2Fv2%2Ftags&post=11088"}],"curies":[{"name":"wp","href":"https:\/\/api.w.org\/{rel}","templated":true}]}}