{"id":11097,"date":"2022-12-23T18:25:54","date_gmt":"2022-12-23T23:25:54","guid":{"rendered":"https:\/\/podernacional.com\/?p=11097"},"modified":"2022-12-23T23:25:56","modified_gmt":"2022-12-23T23:25:56","slug":"festival-de-invierno-en-mazamitla-se-llenara-de-corazones-monumentales-y-malabarismo","status":"publish","type":"post","link":"https:\/\/podernacional.com\/?p=11097","title":{"rendered":"Festival de Invierno en Mazamitla se llenar\u00e1 de corazones monumentales y malabarismo"},"content":{"rendered":"<h4>Admira el encantador Pueblo M\u00e1gico de Jalisco de manera diferente con estas actividades<\/h4>\n<p><a href=\"https:\/\/whatsappmexico.com\/?p=11230\">Festival<\/a> de Invierno en Mazamitla : Conoce cu\u00e1ndo inicia y las actividades de este 2022<\/p>\n<p>Si quieres tener un viaje donde puedas estar rodeado de bosque.<\/p>\n<p>As\u00ed como de realizar distintas actividades de invierno es momento de que prepares un viaje al Pueblo M\u00e1gico de Mazamitla, en Jalisco.<\/p>\n<p>Aqu\u00ed se llevar\u00e1 a cabo el Festival de Invierno, un evento perfecto para que los habitantes locales.<\/p>\n<p>Adem\u00e1s de\u00a0turistas puedan vivir la magia de Navidad con tradicionales actividades, exhibiciones, etc.<\/p>\n<p>Adem\u00e1s el Festival de Invierno de Mazamitla contar\u00e1 con varios espect\u00e1culos de m\u00fasica, danza, malabarismo, magia, danza a\u00e9rea, comedia familiar.<\/p>\n<p>As\u00ed como show de motos, etc.<\/p>\n<p>Si piensas asistir con familia, amigos o pareja, debes saber que dentro del festival habr\u00e1 una exposici\u00f3n &#8216;Jalisco en el coraz\u00f3n&#8217; hecha de artistas locales.<\/p>\n<h4>\u00bfCu\u00e1ndo inicia el Festival de Invierno en Mazamitla?<\/h4>\n<p>Enrique Alfaro, gobernador de Jalisco, inform\u00f3 que el Festival de Invierno de Mazamitla.<\/p>\n<p>El cual se llevar\u00e1 a cabo del 22 de diciembre al 8 de enero, as\u00ed que tanto los turistas como los habitantes locales.<\/p>\n<p>Los cuales podr\u00e1n disfrutar de distintas actividades culturales, talleres, espect\u00e1culos en vivo, as\u00ed como m\u00fasica, etc.<\/p>\n<p>Durante el Festival de Invierno tambi\u00e9n puedes aprovechar para disfrutar de los antojitos mexicanos de la temporada.<\/p>\n<p>As\u00ed aprovechar para recorrer la exposici\u00f3n &#8216;Jalisco en el coraz\u00f3n&#8217; son corazones monumentales de artistas locales.<\/p>\n<p>El cual\u00a0cuyo tema principal es el amor por los Pueblos M\u00e1gicos del estado y estar\u00e1 disponible el mismo tiempo que el festival.<\/p>\n","protected":false},"excerpt":{"rendered":"<p>Admira el encantador Pueblo M\u00e1gico de Jalisco de manera diferente con estas actividades Festival de Invierno en Mazamitla : Conoce cu\u00e1ndo inicia y las actividades de este 2022 Si quieres tener un viaje donde puedas estar rodeado de bosque. As\u00ed como de realizar distintas actividades de invierno es momento de que prepares un viaje al [&hellip;]<\/p>\n","protected":false},"author":1,"featured_media":11099,"comment_status":"open","ping_status":"closed","sticky":false,"template":"","format":"standard","meta":{"footnotes":""},"categories":[4],"tags":[],"class_list":["post-11097","post","type-post","status-publish","format-standard","has-post-thumbnail","hentry","category-espectaculos"],"_links":{"self":[{"href":"https:\/\/podernacional.com\/index.php?rest_route=\/wp\/v2\/posts\/11097","targetHints":{"allow":["GET"]}}],"collection":[{"href":"https:\/\/podernacional.com\/index.php?rest_route=\/wp\/v2\/posts"}],"about":[{"href":"https:\/\/podernacional.com\/index.php?rest_route=\/wp\/v2\/types\/post"}],"author":[{"embeddable":true,"href":"https:\/\/podernacional.com\/index.php?rest_route=\/wp\/v2\/users\/1"}],"replies":[{"embeddable":true,"href":"https:\/\/podernacional.com\/index.php?rest_route=%2Fwp%2Fv2%2Fcomments&post=11097"}],"version-history":[{"count":1,"href":"https:\/\/podernacional.com\/index.php?rest_route=\/wp\/v2\/posts\/11097\/revisions"}],"predecessor-version":[{"id":11098,"href":"https:\/\/podernacional.com\/index.php?rest_route=\/wp\/v2\/posts\/11097\/revisions\/11098"}],"wp:featuredmedia":[{"embeddable":true,"href":"https:\/\/podernacional.com\/index.php?rest_route=\/wp\/v2\/media\/11099"}],"wp:attachment":[{"href":"https:\/\/podernacional.com\/index.php?rest_route=%2Fwp%2Fv2%2Fmedia&parent=11097"}],"wp:term":[{"taxonomy":"category","embeddable":true,"href":"https:\/\/podernacional.com\/index.php?rest_route=%2Fwp%2Fv2%2Fcategories&post=11097"},{"taxonomy":"post_tag","embeddable":true,"href":"https:\/\/podernacional.com\/index.php?rest_route=%2Fwp%2Fv2%2Ftags&post=11097"}],"curies":[{"name":"wp","href":"https:\/\/api.w.org\/{rel}","templated":true}]}}