{"id":11106,"date":"2022-12-23T18:43:11","date_gmt":"2022-12-23T23:43:11","guid":{"rendered":"https:\/\/podernacional.com\/?p=11106"},"modified":"2022-12-23T23:43:13","modified_gmt":"2022-12-23T23:43:13","slug":"cancun-estupor-con-la-gestion-politica-en-accesos-al-aeropuerto","status":"publish","type":"post","link":"https:\/\/podernacional.com\/?p=11106","title":{"rendered":"Canc\u00fan: estupor con la gesti\u00f3n pol\u00edtica en accesos al aeropuerto"},"content":{"rendered":"<h4>Aunque el sector tur\u00edstico de Canc\u00fan reconoce la necesidad de las obras, critican la gesti\u00f3n pol\u00edtica por la mala previsi\u00f3n, prevenci\u00f3n.<\/h4>\n<p>Gesti\u00f3n pol\u00edtica: As\u00ed como de la planeaci\u00f3n y difusi\u00f3n para ejecutarlas, pues esto les ha tra\u00eddo complicaciones viales a los turistas.<\/p>\n<p>Esto para tomar sus vuelos en plena temporada invernal y m\u00e1s cuando el Aeropuerto de Canc\u00fan bate el r\u00e9cord de vuelos diarios.<\/p>\n<p>As\u00ed lo considera Sergio Gonz\u00e1lez Rubiera, presidente de la Asociaci\u00f3n Mexicana de Agencia de Viajes (AMAV).<\/p>\n<p>Fue quien public\u00f3 sus cr\u00edticas en redes sociales, se\u00f1alando que:<\/p>\n<p>\u201cDesde el mes de julio, cuando nos anunciaron que se emprender\u00edan las tres obras al mismo tiempo\u201d.<\/p>\n<p>\u201cAdem\u00e1s de que\u00a0propuse una campa\u00f1a informativa dirigida a los turistas, a los mercados emisores y a los operadores y protagonistas del turismo\u201d.<\/p>\n<h4>\u201cSin embargo, ha faltado previsi\u00f3n, prevenci\u00f3n, planeaci\u00f3n y difusi\u00f3n\u201d.<\/h4>\n<p>Precis\u00f3 que estas grandes obras debieron tener un cronograma y una comunicaci\u00f3n adecuada con todos los sectores.<\/p>\n<p>\u201cNo dudo que quedar\u00e1 muy bien, sin embargo, causar\u00e1 muchas molestias y espero no nos cueste en p\u00e9rdida de imagen\u201d.<\/p>\n<p>\u201cAdem\u00e1s que\u00a0en consecuencia de mercados emisores\u201d, manifest\u00f3 Gonz\u00e1lez Rubiera.<\/p>\n<p>Por su parte, el Grupo Aeroportuario del Sureste (ASUR) comunic\u00f3 que las aerol\u00edneas tienen conocimiento del caos.<\/p>\n<p>El cual\u00a0se present\u00f3 por lo que est\u00e1n apoyando para reacomodar a los viajeros que perdieron sus vuelos, sin cargos extras.<\/p>\n<p>\u201cLas aerol\u00edneas est\u00e1n apoyando a los que no han llegado a sus vuelos para poder acomodarlos\u201d.<\/p>\n<p>\u201cAs\u00ed a los que tienen vuelos demorados en atender cualquier necesidad estamos coordinados para tratar de disminuir todo el da\u00f1o de la mejor manera\u201d.<\/p>\n<h4>Esto lo\u00a0comunic\u00f3 Alejandro Rosel, gerente de Relaciones Institucionales en el aeropuerto de Canc\u00fan.<\/h4>\n<p>Por ende, el coordinador del sureste de la Asociaci\u00f3n Nacional de Consejos Empresariales Regionales, Lenin Amaro Betancourt.<\/p>\n<p>El cual\u00a0inform\u00f3 que con miras en la actual temporada vacacional se debe mantener una buena imagen de Playa del Carmen.<\/p>\n<p>Por lo que es importante trabajar con la mayor rapidez en las obras que se realizan en la carretera federal a la entrada y salida.<\/p>\n<p>De este destino para que los turistas no pierdan sus vuelos.<\/p>\n","protected":false},"excerpt":{"rendered":"<p>Aunque el sector tur\u00edstico de Canc\u00fan reconoce la necesidad de las obras, critican la gesti\u00f3n pol\u00edtica por la mala previsi\u00f3n, prevenci\u00f3n. Gesti\u00f3n pol\u00edtica: As\u00ed como de la planeaci\u00f3n y difusi\u00f3n para ejecutarlas, pues esto les ha tra\u00eddo complicaciones viales a los turistas. Esto para tomar sus vuelos en plena temporada invernal y m\u00e1s cuando el [&hellip;]<\/p>\n","protected":false},"author":1,"featured_media":11108,"comment_status":"open","ping_status":"closed","sticky":false,"template":"","format":"standard","meta":{"footnotes":""},"categories":[9],"tags":[],"class_list":["post-11106","post","type-post","status-publish","format-standard","has-post-thumbnail","hentry","category-politica"],"_links":{"self":[{"href":"https:\/\/podernacional.com\/index.php?rest_route=\/wp\/v2\/posts\/11106","targetHints":{"allow":["GET"]}}],"collection":[{"href":"https:\/\/podernacional.com\/index.php?rest_route=\/wp\/v2\/posts"}],"about":[{"href":"https:\/\/podernacional.com\/index.php?rest_route=\/wp\/v2\/types\/post"}],"author":[{"embeddable":true,"href":"https:\/\/podernacional.com\/index.php?rest_route=\/wp\/v2\/users\/1"}],"replies":[{"embeddable":true,"href":"https:\/\/podernacional.com\/index.php?rest_route=%2Fwp%2Fv2%2Fcomments&post=11106"}],"version-history":[{"count":1,"href":"https:\/\/podernacional.com\/index.php?rest_route=\/wp\/v2\/posts\/11106\/revisions"}],"predecessor-version":[{"id":11107,"href":"https:\/\/podernacional.com\/index.php?rest_route=\/wp\/v2\/posts\/11106\/revisions\/11107"}],"wp:featuredmedia":[{"embeddable":true,"href":"https:\/\/podernacional.com\/index.php?rest_route=\/wp\/v2\/media\/11108"}],"wp:attachment":[{"href":"https:\/\/podernacional.com\/index.php?rest_route=%2Fwp%2Fv2%2Fmedia&parent=11106"}],"wp:term":[{"taxonomy":"category","embeddable":true,"href":"https:\/\/podernacional.com\/index.php?rest_route=%2Fwp%2Fv2%2Fcategories&post=11106"},{"taxonomy":"post_tag","embeddable":true,"href":"https:\/\/podernacional.com\/index.php?rest_route=%2Fwp%2Fv2%2Ftags&post=11106"}],"curies":[{"name":"wp","href":"https:\/\/api.w.org\/{rel}","templated":true}]}}