{"id":11196,"date":"2022-12-28T15:52:11","date_gmt":"2022-12-28T20:52:11","guid":{"rendered":"https:\/\/podernacional.com\/?p=11196"},"modified":"2022-12-28T20:52:20","modified_gmt":"2022-12-28T20:52:20","slug":"sexta-ola-de-covid-19-en-mexico-dejo-ya-30-mil-nuevos-contagios","status":"publish","type":"post","link":"https:\/\/podernacional.com\/?p=11196","title":{"rendered":"Sexta ola de COVID-19 en M\u00e9xico dej\u00f3 ya 30 mil nuevos contagios"},"content":{"rendered":"<h4 class=\"article-subheadline\" style=\"text-align: center;\">Con el arranque de la temporada invernal, ya se reportaron m\u00e1s de 200 defunciones en una semana a causa del coronavirus<\/h4>\n<div class=\"byline\">\n<div class=\"byline-text-wrapper\">\n<p class=\"paragraph\"><b>M\u00e9xico\u00a0<\/b>se encuentra atravesando la\u00a0<b>sexta ola por COVID-19<\/b>, por lo que al momento hay m\u00e1s de 30 mil casos activos, de acuerdo con el reporte de la Secretar\u00eda de Salud (SSa), siendo que en la \u00faltima semana se reportaron<b>\u00a031 mil 909 nuevos casos.<\/b><\/p>\n<p><a id=\"recommended-card-0\" class=\"recommended-card recommended-card--infobae\" href=\"https:\/\/www.infobae.com\/america\/mexico\/2022\/12\/25\/las-razones-cientificas-por-las-que-nos-volvemos-a-reinfectar-de-covid\/\" target=\"_blank\" rel=\"noopener noreferrer\" aria-label=\"Las razones cient\u00edficas por las que nos volvemos a reinfectar de Covid\"><\/a><\/p>\n<p class=\"paragraph\">Frente al aumento de casos por contagios, as\u00ed como al incremento de defunciones (que en una semana fueron m\u00e1s de 200), en seis entidades de la rep\u00fablica regres\u00f3 el<b>\u00a0uso obligatorio de cubrebocas,\u00a0<\/b>mientras que \u2014ante la disminuci\u00f3n de la temperatura\u2014 las autoridades exhortaron a abrigarse bien.<\/p>\n<div class=\"inline ad-wrapper\">\n<div class=\"dfpAd display_inline_block ad_margin_wrapper\"><\/div>\n<\/div>\n<p class=\"paragraph\">Seg\u00fan el Informe T\u00e9cnico Semanal,\u00a0<b>COVID-19 M\u00e9xico\u00a0<\/b>al corte de este 27 de diciembre se registraron\u00a0<b>36 mil 181 casos activos<\/b>, con una tasa de incidencia de 27.8 personas por cada 100 mil habitantes. La\u00a0<b>Ciudad de M\u00e9xico, Tabasco y Quintana Roo\u00a0<\/b>son las entidades que m\u00e1s contagios reportaron.<\/p>\n<p class=\"paragraph\">Por su parte, las entidades que decretaron uso obligatorio de mascarilla fueron<b>\u00a0Baja California, San Luis Potos\u00ed, Durango, Nuevo Le\u00f3n, Puebla y Tamaulipas<\/b>, siendo que dichos estados suman \u00fanicamente 4 mil 874 casos activos. Entre tanto, la CDMX acumul\u00f3\u00a0<b>12 mil 876 contagios,\u00a0<\/b>Tabasco 2 mil 88 y Quintana Roo 893.<\/p>\n<p class=\"paragraph\">Asimismo, desde que comenz\u00f3 la pandemia por COVID-19, M\u00e9xico ya acumula<b>\u00a07 millones 222 mil 611 casos positivos<\/b>, mientras que la defunciones ya se colocan en 331 mil 30; la \u00faltima semana fueron 225 m\u00e1s que la anterior.<\/p>\n<p class=\"paragraph\">La curva de contagios y fallecimientos se acrecent\u00f3 con la llegada de la temporada invernal, pues la primer semana de noviembre se presentaron poco m\u00e1s de cinco contagios, en comparaci\u00f3n a los m\u00e1s de 30 mil durante la pen\u00faltima semana de diciembre. En tanto, de 1 de noviembre al d\u00eda 8 se registraron 30 muertes, frente a las dos centenas de estos d\u00edas.<\/p>\n<p class=\"paragraph\">En ese sentido, la Unidad de Inteligencia Epidemiol\u00f3gica y Sanitaria Hospitalaria de la SSa adelant\u00f3 que el\u00a0<b>sem\u00e1foro epidemiol\u00f3gico\u00a0<\/b>interno en el pa\u00eds pasar\u00e1 de verde a amarillo, el cual se aplica al interior de las unidades m\u00e9dicas con el fin de reducir la propagaci\u00f3n del virus entre los trabajadores hospitalarios.<\/p>\n<p class=\"paragraph\">Pese a que en M\u00e9xico van ocho semanas con n\u00fameros al alza en caso positivos de\u00a0<b>Sars-cov-2<\/b>, la tendencia de la sexta ola result\u00f3 ser m\u00e1s lenta que las anteriores. Cabe se\u00f1alar que la ola en la que m\u00e1s contagios se dieron desde el comienzo de la emergencia sanitaria fue en la temporada invernal del 2021, cuando se alcanzaron casi\u00a0<b>700 mil activos.<\/b><\/p>\n<p class=\"paragraph\">Sin embargo, en el marco del aumento de enfermedades respiratorias, como influenza o por virus sincicial respiratorio (VSR), el subsecretario de Prevenci\u00f3n y Promoci\u00f3n de la Salud,\u00a0<b>Hugo L\u00f3pez-Gatell<\/b>, exhort\u00f3 a la poblaci\u00f3n a continuar con las medidas preventivas, as\u00ed como a vacunarse.<\/p>\n<p class=\"paragraph\">En tanto, de acuerdo con cifras de la Secretar\u00eda de Salud, al momento hay un\u00a0<b>cobertura nacional\u00a0<\/b>del<b>\u00a084% de personas vacunadas<\/b>\u00a0contra el coronavirus, siendo las personas mayores de 18 a\u00f1os el grupo m\u00e1s cubierto, con el 91 por ciento.<\/p>\n<p class=\"paragraph\">Por el contrario, los grupos de edad que menor cobertura tienen son los de 12 a 17 a\u00f1os, con el 64%, y el de 5 a 11 a\u00f1os, con el 60%.<\/p>\n<p class=\"paragraph\">Tambi\u00e9n, la\u00a0<b>SSa\u00a0<\/b>emiti\u00f3 algunas recomendaciones para cuidar la salud en esta temporada, como evitar el uso de braseros, hornos y estufas para calentar la casa, pues emiten gases t\u00f3xicos; no dormir cerca de ning\u00fan calentador y mantener ventiladas las habitaciones donde haya fuentes de combusti\u00f3n.<\/p>\n<\/div>\n<\/div>\n","protected":false},"excerpt":{"rendered":"<p>Con el arranque de la temporada invernal, ya se reportaron m\u00e1s de 200 defunciones en una semana a causa del coronavirus M\u00e9xico\u00a0se encuentra atravesando la\u00a0sexta ola por COVID-19, por lo que al momento hay m\u00e1s de 30 mil casos activos, de acuerdo con el reporte de la Secretar\u00eda de Salud (SSa), siendo que en la [&hellip;]<\/p>\n","protected":false},"author":1,"featured_media":11198,"comment_status":"open","ping_status":"closed","sticky":false,"template":"","format":"standard","meta":{"footnotes":""},"categories":[7],"tags":[],"class_list":["post-11196","post","type-post","status-publish","format-standard","has-post-thumbnail","hentry","category-nacional"],"_links":{"self":[{"href":"https:\/\/podernacional.com\/index.php?rest_route=\/wp\/v2\/posts\/11196","targetHints":{"allow":["GET"]}}],"collection":[{"href":"https:\/\/podernacional.com\/index.php?rest_route=\/wp\/v2\/posts"}],"about":[{"href":"https:\/\/podernacional.com\/index.php?rest_route=\/wp\/v2\/types\/post"}],"author":[{"embeddable":true,"href":"https:\/\/podernacional.com\/index.php?rest_route=\/wp\/v2\/users\/1"}],"replies":[{"embeddable":true,"href":"https:\/\/podernacional.com\/index.php?rest_route=%2Fwp%2Fv2%2Fcomments&post=11196"}],"version-history":[{"count":1,"href":"https:\/\/podernacional.com\/index.php?rest_route=\/wp\/v2\/posts\/11196\/revisions"}],"predecessor-version":[{"id":11197,"href":"https:\/\/podernacional.com\/index.php?rest_route=\/wp\/v2\/posts\/11196\/revisions\/11197"}],"wp:featuredmedia":[{"embeddable":true,"href":"https:\/\/podernacional.com\/index.php?rest_route=\/wp\/v2\/media\/11198"}],"wp:attachment":[{"href":"https:\/\/podernacional.com\/index.php?rest_route=%2Fwp%2Fv2%2Fmedia&parent=11196"}],"wp:term":[{"taxonomy":"category","embeddable":true,"href":"https:\/\/podernacional.com\/index.php?rest_route=%2Fwp%2Fv2%2Fcategories&post=11196"},{"taxonomy":"post_tag","embeddable":true,"href":"https:\/\/podernacional.com\/index.php?rest_route=%2Fwp%2Fv2%2Ftags&post=11196"}],"curies":[{"name":"wp","href":"https:\/\/api.w.org\/{rel}","templated":true}]}}