{"id":11199,"date":"2022-12-28T18:37:50","date_gmt":"2022-12-28T23:37:50","guid":{"rendered":"https:\/\/podernacional.com\/?p=11199"},"modified":"2022-12-28T23:37:52","modified_gmt":"2022-12-28T23:37:52","slug":"festival-de-cine-uc-vuelve-en-forma-presencial-y-en-colaboracion-con-mubi","status":"publish","type":"post","link":"https:\/\/podernacional.com\/?p=11199","title":{"rendered":"Festival de Cine UC vuelve en forma presencial y en colaboraci\u00f3n con Mubi"},"content":{"rendered":"<h4>Desde el 13 y hasta el 28 de enero, el cl\u00e1sico evento regresa a la sala de Alameda390.<\/h4>\n<p>Festival de Cine UC: Con una programaci\u00f3n gratuita, se exhibir\u00e1 una selecci\u00f3n de pel\u00edculas y concursos desde la plataforma de cine.<\/p>\n<p>Adem\u00e1s de un foco especial en la obra de Federico Fellini.<\/p>\n<p>Tras los \u00faltimos a\u00f1os de encierro y restricciones sanitarias, el Festival de Cine UC regresa de forma presencial a la gran pantalla de Alameda #390.<\/p>\n<p>En esta 46ta edici\u00f3n -adem\u00e1s de una cartelera gratuita con estrenos exclusivos y una revisi\u00f3n de la obra de Federico Fellini.<\/p>\n<p>As\u00ed como de\u00a0este festival tambi\u00e9n retornar\u00e1 de la mano de una nueva colaboraci\u00f3n, uni\u00e9ndose MUBI a la experiencia de Cine UC.<\/p>\n<p>A\u00a0trav\u00e9s de una selecci\u00f3n de sus \u00faltimas pel\u00edculas y concursos especiales para el p\u00fablico que asista a las funciones.<\/p>\n<p>Brazos cortados y la cabeza en una lanza: la sangrienta muerte de Pedro de Valdivia un d\u00eda de Navidad:<\/p>\n<h4>\u201cEste a\u00f1o tenemos una gran selecci\u00f3n de pel\u00edculas nacionales e internacionales que privilegian visiones de mundo alejadas\u201d.<\/h4>\n<p>\u201cAs\u00ed como\u00a0de las tendencias m\u00e1s comerciales y apuestan por exploraciones m\u00e1s \u00edntimas a las diversas realidades del mundo contempor\u00e1neo\u201d.<\/p>\n<p>Son apuestas por la visualidad de universos m\u00e1s amplios, m\u00e1s subjetivos si se quiere decir.<\/p>\n<p>Adem\u00e1s particulares y que intentan poner en evidencia la complejidad -y tambi\u00e9n la riqueza- de lo no predecible.<\/p>\n<p>As\u00ed como\u00a0dice Daniela Rosenfeld, directora de Extensi\u00f3n Cultural UC.<\/p>\n<p>Sobre la participaci\u00f3n de la plataforma de pel\u00edculas, especializada en cine de autor, Rosenfeld destaca:<\/p>\n<p>\u201cEn este 46to Festival Cine UC, es importante la colaboraci\u00f3n con MUBI, porque ofrecen a su p\u00fablico un cine especial\u201d.<\/p>\n<p>\u201cAs\u00ed como\u00a0que le da una vuelta de tuerca al entretenimiento puro\u201d.<\/p>\n<p>Eso nos ayuda a potenciar el inter\u00e9s por una programaci\u00f3n de calidad.<\/p>\n<p>\u201cAdem\u00e1s de\u00a0que contribuya a la reflexi\u00f3n no solo en torno a la cinematograf\u00eda sino a los valores del ser humano actual\u201d.<\/p>\n<p>Los cuatro focos de la cartelera<\/p>\n<p>En esta edici\u00f3n del festival, la catelera tendr\u00e1 cuatro focos:<\/p>\n<p>\u201cLos estrenos\u201d, con seis internacionales (Close, El Agua, La peor persona del mundo y EO, candidata a los Oscar 2023, entre otros t\u00edtulos).<\/p>\n<p>As\u00ed como de\u00a0cuatro nacionales (Notas para una pel\u00edcula, Fiebre, Proyecto Fantasma, La vaca que cant\u00f3 una canci\u00f3n hacia el futuro).<\/p>\n<p>Otro de los focos ser\u00e1 una selecci\u00f3n con \u201cLo mejor del a\u00f1o\u201d, donde destaca el documental sobre David Bowie, Moonage Daydream.<\/p>\n<p>Adem\u00e1s de la nueva colaboraci\u00f3n entre Timoth\u00e9e Chalamet y el director Luca Guadagnino:<\/p>\n<p>En la l\u00ednea del terror rom\u00e1ntico, dos personas que viven fuera de las convenciones sociales se entregan a un viaje de auto conocimiento.<\/p>\n<p>As\u00ed como de nuevas alianzas en la apabullante Bones and All.<\/p>\n<p>&nbsp;<\/p>\n","protected":false},"excerpt":{"rendered":"<p>Desde el 13 y hasta el 28 de enero, el cl\u00e1sico evento regresa a la sala de Alameda390. Festival de Cine UC: Con una programaci\u00f3n gratuita, se exhibir\u00e1 una selecci\u00f3n de pel\u00edculas y concursos desde la plataforma de cine. Adem\u00e1s de un foco especial en la obra de Federico Fellini. Tras los \u00faltimos a\u00f1os de [&hellip;]<\/p>\n","protected":false},"author":1,"featured_media":11201,"comment_status":"open","ping_status":"closed","sticky":false,"template":"","format":"standard","meta":{"footnotes":""},"categories":[2],"tags":[],"class_list":["post-11199","post","type-post","status-publish","format-standard","has-post-thumbnail","hentry","category-cultural"],"_links":{"self":[{"href":"https:\/\/podernacional.com\/index.php?rest_route=\/wp\/v2\/posts\/11199","targetHints":{"allow":["GET"]}}],"collection":[{"href":"https:\/\/podernacional.com\/index.php?rest_route=\/wp\/v2\/posts"}],"about":[{"href":"https:\/\/podernacional.com\/index.php?rest_route=\/wp\/v2\/types\/post"}],"author":[{"embeddable":true,"href":"https:\/\/podernacional.com\/index.php?rest_route=\/wp\/v2\/users\/1"}],"replies":[{"embeddable":true,"href":"https:\/\/podernacional.com\/index.php?rest_route=%2Fwp%2Fv2%2Fcomments&post=11199"}],"version-history":[{"count":1,"href":"https:\/\/podernacional.com\/index.php?rest_route=\/wp\/v2\/posts\/11199\/revisions"}],"predecessor-version":[{"id":11200,"href":"https:\/\/podernacional.com\/index.php?rest_route=\/wp\/v2\/posts\/11199\/revisions\/11200"}],"wp:featuredmedia":[{"embeddable":true,"href":"https:\/\/podernacional.com\/index.php?rest_route=\/wp\/v2\/media\/11201"}],"wp:attachment":[{"href":"https:\/\/podernacional.com\/index.php?rest_route=%2Fwp%2Fv2%2Fmedia&parent=11199"}],"wp:term":[{"taxonomy":"category","embeddable":true,"href":"https:\/\/podernacional.com\/index.php?rest_route=%2Fwp%2Fv2%2Fcategories&post=11199"},{"taxonomy":"post_tag","embeddable":true,"href":"https:\/\/podernacional.com\/index.php?rest_route=%2Fwp%2Fv2%2Ftags&post=11199"}],"curies":[{"name":"wp","href":"https:\/\/api.w.org\/{rel}","templated":true}]}}