{"id":11202,"date":"2022-12-28T19:21:54","date_gmt":"2022-12-29T00:21:54","guid":{"rendered":"https:\/\/podernacional.com\/?p=11202"},"modified":"2022-12-29T00:21:56","modified_gmt":"2022-12-29T00:21:56","slug":"festival-de-rock-sinaloa-sera-solo-para-mayores-de-30-anos","status":"publish","type":"post","link":"https:\/\/podernacional.com\/?p=11202","title":{"rendered":"Festival de Rock Sinaloa ser\u00e1 solo para mayores de 30 a\u00f1os"},"content":{"rendered":"<h4>\u201cEs un g\u00e9nero de anta\u00f1o y hay que abrirle espacios a las viejas generaciones\u201d, sentenci\u00f3 el director de programaci\u00f3n art\u00edstica del ISIC, Rodolfo Arriaga<\/h4>\n<p>Festival de Rock Sinaloa: A partir de este 2023 el Festival de Rock ser\u00e1 un evento reservado para las generaciones nacidas antes de 1993.<\/p>\n<p>Todo\u00a0esto con el fin de darle espacios a expresiones art\u00edsticas de las viejas generaciones.<\/p>\n<p>El Instituto Sinaloense de Cultura (ISIC) ha tomado la decisi\u00f3n de reservar este evento para las bandas y p\u00fablicos del g\u00e9nero del rock.<\/p>\n<p>As\u00ed como de coordinarse con el Instituto Sinaloense de la Juventud (ISJU) para, en su lugar, abrir un espacio a nuevas expresiones art\u00edsticas.<\/p>\n<p>Esto\u00a0que en la actualidad s\u00ed sigan siendo contraculturales.<\/p>\n<p>As\u00ed, el Festival de Rock Sinaloa solicitar\u00e1 entre sus requisitos el que todos o la mayor\u00eda de sus miembros tengan los 30 a\u00f1os cumplidos.<\/p>\n<p>Esto\u00a0al momento de emitida la convocatoria anual; otro de los requisitos ser\u00e1 que el proyecto aborde alguno de los g\u00e9neros cl\u00e1sicos del rock.<\/p>\n<p>As\u00ed\u00a0como rock and roll, rock brit\u00e1nico y rock psicod\u00e9lico, as\u00ed como rock progresivo y heavy metal, entre otros.<\/p>\n<p>Estos requisitos tambi\u00e9n aplicar\u00e1n para los recitales de rock que se realizar\u00e1n en el \u00c1gora Rosario Castellanos.<\/p>\n<h4>Los cuales son\u00a0comprometidos por el director del ISIC Juan Avil\u00e9s Ochoa ante la gran demanda.<\/h4>\n<p>As\u00ed como\u00a0que tuvo la \u00faltima edici\u00f3n del Festival de Rock Sinaloa 2022.<\/p>\n<p>\u201cTal como lo hace el Ayuntamiento de Culiac\u00e1n con las tardes de m\u00fasica en la Plazuela Obreg\u00f3n, queremos ofrecer un espacio\u201d.<\/p>\n<p>\u201cEl cual est\u00e1 ya prometido por el director del Instituto, Juan Avil\u00e9s, para que los de 30 y m\u00e1s acudan al \u00e1gora Rosario Castellanos\u201d.<\/p>\n<p>\u201cAs\u00ed como que disfruten de momentos de sana convivencia para bailar, cantar y estrechar lazos al ritmo del rock\u201d, indic\u00f3 Arriaga.<\/p>\n<p>Seg\u00fan la Wikipedia, el rock es un g\u00e9nero de m\u00fasica popular amplio, originado a principios de la d\u00e9cada de los 50\u2019s en Estados Unidos.<\/p>\n<p>Adem\u00e1s de\u00a0que deriv\u00f3 en un gran rango de diferentes estilos a partir de ra\u00edces como el Rock and Roll, el Blues, R&amp;B y el Country.<\/p>\n<p>Tambi\u00e9n la Wikipedia explica que el d\u00eda 28 de diciembre se festeja el D\u00eda de los Santos Inocentes.<\/p>\n<p>Lugar donde una de sus tradiciones es el jugar bromas y rematarlas con la popular frase:<\/p>\n<p>\u201cInocente palomita que te dejaste enga\u00f1ar\u201d.<\/p>\n","protected":false},"excerpt":{"rendered":"<p>\u201cEs un g\u00e9nero de anta\u00f1o y hay que abrirle espacios a las viejas generaciones\u201d, sentenci\u00f3 el director de programaci\u00f3n art\u00edstica del ISIC, Rodolfo Arriaga Festival de Rock Sinaloa: A partir de este 2023 el Festival de Rock ser\u00e1 un evento reservado para las generaciones nacidas antes de 1993. Todo\u00a0esto con el fin de darle espacios [&hellip;]<\/p>\n","protected":false},"author":1,"featured_media":11204,"comment_status":"open","ping_status":"closed","sticky":false,"template":"","format":"standard","meta":{"footnotes":""},"categories":[4],"tags":[],"class_list":["post-11202","post","type-post","status-publish","format-standard","has-post-thumbnail","hentry","category-espectaculos"],"_links":{"self":[{"href":"https:\/\/podernacional.com\/index.php?rest_route=\/wp\/v2\/posts\/11202","targetHints":{"allow":["GET"]}}],"collection":[{"href":"https:\/\/podernacional.com\/index.php?rest_route=\/wp\/v2\/posts"}],"about":[{"href":"https:\/\/podernacional.com\/index.php?rest_route=\/wp\/v2\/types\/post"}],"author":[{"embeddable":true,"href":"https:\/\/podernacional.com\/index.php?rest_route=\/wp\/v2\/users\/1"}],"replies":[{"embeddable":true,"href":"https:\/\/podernacional.com\/index.php?rest_route=%2Fwp%2Fv2%2Fcomments&post=11202"}],"version-history":[{"count":1,"href":"https:\/\/podernacional.com\/index.php?rest_route=\/wp\/v2\/posts\/11202\/revisions"}],"predecessor-version":[{"id":11203,"href":"https:\/\/podernacional.com\/index.php?rest_route=\/wp\/v2\/posts\/11202\/revisions\/11203"}],"wp:featuredmedia":[{"embeddable":true,"href":"https:\/\/podernacional.com\/index.php?rest_route=\/wp\/v2\/media\/11204"}],"wp:attachment":[{"href":"https:\/\/podernacional.com\/index.php?rest_route=%2Fwp%2Fv2%2Fmedia&parent=11202"}],"wp:term":[{"taxonomy":"category","embeddable":true,"href":"https:\/\/podernacional.com\/index.php?rest_route=%2Fwp%2Fv2%2Fcategories&post=11202"},{"taxonomy":"post_tag","embeddable":true,"href":"https:\/\/podernacional.com\/index.php?rest_route=%2Fwp%2Fv2%2Ftags&post=11202"}],"curies":[{"name":"wp","href":"https:\/\/api.w.org\/{rel}","templated":true}]}}