{"id":11223,"date":"2022-12-29T10:21:39","date_gmt":"2022-12-29T15:21:39","guid":{"rendered":"https:\/\/podernacional.com\/?p=11223"},"modified":"2022-12-29T15:21:59","modified_gmt":"2022-12-29T15:21:59","slug":"alerta-sismica-se-activara-por-medio-de-telefono-celular","status":"publish","type":"post","link":"https:\/\/podernacional.com\/?p=11223","title":{"rendered":"Alerta S\u00edsmica se activar\u00e1 por medio de tel\u00e9fono celular"},"content":{"rendered":"<p>En 2023 la Alerta S\u00edsmica se activar\u00e1 en la zona centro de M\u00e9xico, a trav\u00e9s de la telefon\u00eda celular.<br \/>\nLaura Vel\u00e1zquez, coordinadora nacional de Protecci\u00f3n Civil, inform\u00f3 en la conferencia de prensa matutina que se trata de un proyecto desarrollado desde 2019.<\/p>\n<p>Se trata del Sistema Integral de Env\u00edo Masivo de Mensajes, que como su nombre lo indica, alertar\u00e1 a la poblaci\u00f3n sobre un sismo mediante mensajes al n\u00famero celular.<\/p>\n<p>Se prev\u00e9 que la Alerta S\u00edsmica v\u00eda telefon\u00eda celular opere en un primer momento en la Ciudad de M\u00e9xico, pero tambi\u00e9n en el Estado de M\u00e9xico, Guerrero, Morelos, Michoac\u00e1n, Oaxaca y Puebla.<\/p>\n<p>Desde su funcionamiento en 1991, el Sistema de Alerta S\u00edsmica (Sasmex) ha detectado 10 mil 500 movimientos tel\u00faricos, de los cuales ha activado la Alerta S\u00edsmica en 171 casos.<\/p>\n","protected":false},"excerpt":{"rendered":"<p>En 2023 la Alerta S\u00edsmica se activar\u00e1 en la zona centro de M\u00e9xico, a trav\u00e9s de la telefon\u00eda celular. Laura Vel\u00e1zquez, coordinadora nacional de Protecci\u00f3n Civil, inform\u00f3 en la conferencia de prensa matutina que se trata de un proyecto desarrollado desde 2019. Se trata del Sistema Integral de Env\u00edo Masivo de Mensajes, que como su [&hellip;]<\/p>\n","protected":false},"author":1,"featured_media":11225,"comment_status":"open","ping_status":"closed","sticky":false,"template":"","format":"standard","meta":{"footnotes":""},"categories":[7],"tags":[],"class_list":["post-11223","post","type-post","status-publish","format-standard","has-post-thumbnail","hentry","category-nacional"],"_links":{"self":[{"href":"https:\/\/podernacional.com\/index.php?rest_route=\/wp\/v2\/posts\/11223","targetHints":{"allow":["GET"]}}],"collection":[{"href":"https:\/\/podernacional.com\/index.php?rest_route=\/wp\/v2\/posts"}],"about":[{"href":"https:\/\/podernacional.com\/index.php?rest_route=\/wp\/v2\/types\/post"}],"author":[{"embeddable":true,"href":"https:\/\/podernacional.com\/index.php?rest_route=\/wp\/v2\/users\/1"}],"replies":[{"embeddable":true,"href":"https:\/\/podernacional.com\/index.php?rest_route=%2Fwp%2Fv2%2Fcomments&post=11223"}],"version-history":[{"count":1,"href":"https:\/\/podernacional.com\/index.php?rest_route=\/wp\/v2\/posts\/11223\/revisions"}],"predecessor-version":[{"id":11224,"href":"https:\/\/podernacional.com\/index.php?rest_route=\/wp\/v2\/posts\/11223\/revisions\/11224"}],"wp:featuredmedia":[{"embeddable":true,"href":"https:\/\/podernacional.com\/index.php?rest_route=\/wp\/v2\/media\/11225"}],"wp:attachment":[{"href":"https:\/\/podernacional.com\/index.php?rest_route=%2Fwp%2Fv2%2Fmedia&parent=11223"}],"wp:term":[{"taxonomy":"category","embeddable":true,"href":"https:\/\/podernacional.com\/index.php?rest_route=%2Fwp%2Fv2%2Fcategories&post=11223"},{"taxonomy":"post_tag","embeddable":true,"href":"https:\/\/podernacional.com\/index.php?rest_route=%2Fwp%2Fv2%2Ftags&post=11223"}],"curies":[{"name":"wp","href":"https:\/\/api.w.org\/{rel}","templated":true}]}}