{"id":11226,"date":"2022-12-29T10:24:14","date_gmt":"2022-12-29T15:24:14","guid":{"rendered":"https:\/\/podernacional.com\/?p=11226"},"modified":"2022-12-29T15:24:37","modified_gmt":"2022-12-29T15:24:37","slug":"fallece-menor-mordido-por-un-murcielago","status":"publish","type":"post","link":"https:\/\/podernacional.com\/?p=11226","title":{"rendered":"Fallece menor mordido por un murci\u00e9lago"},"content":{"rendered":"<p>Los Servicios de Salud de Oaxaca (SSO) informaron que uno de los ni\u00f1os que fue mordido por un murci\u00e9lago muri\u00f3 ayer 28 de diciembre de 2022, tras presentar complicaciones a la salud por un cuadro de hidrofobia.<\/p>\n<p>El ni\u00f1o de siete a\u00f1os, junto con dos de sus hermanas de ocho y dos a\u00f1os, fue ingresado al hospital general \u201cAurelio Valdieso\u201d la semana pasada para recibir atenci\u00f3n cl\u00ednica especializada en el \u00e1rea de cuidados intensivos.<\/p>\n<p>\u201cDesafortunadamente y pese a los esfuerzos de los especialistas en salud, el menor perdi\u00f3 la vida a las 17:06 horas del d\u00eda\u201d, confirm\u00f3 Alma Velasco Hern\u00e1ndez, secretaria de Salud en Oaxaca.<\/p>\n<p>Las otras dos ni\u00f1as permanecen estables<\/p>\n<p>La SSO inform\u00f3 que las dos hermanas del menor que muri\u00f3 no han reportado cambios en su estado de salud en las \u00faltimas 24 horas.<\/p>\n<p>\u201cRespecto al estado de salud cr\u00edtico de la ni\u00f1a de ocho, quien actualmente se encuentra bajo sedoanalgesia y ventilaci\u00f3n mec\u00e1nica. La menor continuar\u00e1 con medidas de confort y bajo tratamiento m\u00e9dico, sin embargo, el pron\u00f3stico de salud sigue siendo grave\u201d.<\/p>\n<p>En tanto, la ni\u00f1a de dos a\u00f1os convalece favorablemente en el \u00e1rea pedi\u00e1trica donde est\u00e1 en observaci\u00f3n m\u00e9dica desde su ingreso junto con su hermana y hermano.<\/p>\n<p>La entrevistada mencion\u00f3 que a\u00fan se est\u00e1 en espera de los resultados de laboratorio de los pacientes por parte del Instituto de Diagn\u00f3stico y Referencia Epidemiol\u00f3gicos (InDRE) para confirmar o descartar que los menores si tienen rabia.<\/p>\n","protected":false},"excerpt":{"rendered":"<p>Los Servicios de Salud de Oaxaca (SSO) informaron que uno de los ni\u00f1os que fue mordido por un murci\u00e9lago muri\u00f3 ayer 28 de diciembre de 2022, tras presentar complicaciones a la salud por un cuadro de hidrofobia. El ni\u00f1o de siete a\u00f1os, junto con dos de sus hermanas de ocho y dos a\u00f1os, fue ingresado [&hellip;]<\/p>\n","protected":false},"author":1,"featured_media":11228,"comment_status":"open","ping_status":"closed","sticky":false,"template":"","format":"standard","meta":{"footnotes":""},"categories":[7],"tags":[],"class_list":["post-11226","post","type-post","status-publish","format-standard","has-post-thumbnail","hentry","category-nacional"],"_links":{"self":[{"href":"https:\/\/podernacional.com\/index.php?rest_route=\/wp\/v2\/posts\/11226","targetHints":{"allow":["GET"]}}],"collection":[{"href":"https:\/\/podernacional.com\/index.php?rest_route=\/wp\/v2\/posts"}],"about":[{"href":"https:\/\/podernacional.com\/index.php?rest_route=\/wp\/v2\/types\/post"}],"author":[{"embeddable":true,"href":"https:\/\/podernacional.com\/index.php?rest_route=\/wp\/v2\/users\/1"}],"replies":[{"embeddable":true,"href":"https:\/\/podernacional.com\/index.php?rest_route=%2Fwp%2Fv2%2Fcomments&post=11226"}],"version-history":[{"count":1,"href":"https:\/\/podernacional.com\/index.php?rest_route=\/wp\/v2\/posts\/11226\/revisions"}],"predecessor-version":[{"id":11227,"href":"https:\/\/podernacional.com\/index.php?rest_route=\/wp\/v2\/posts\/11226\/revisions\/11227"}],"wp:featuredmedia":[{"embeddable":true,"href":"https:\/\/podernacional.com\/index.php?rest_route=\/wp\/v2\/media\/11228"}],"wp:attachment":[{"href":"https:\/\/podernacional.com\/index.php?rest_route=%2Fwp%2Fv2%2Fmedia&parent=11226"}],"wp:term":[{"taxonomy":"category","embeddable":true,"href":"https:\/\/podernacional.com\/index.php?rest_route=%2Fwp%2Fv2%2Fcategories&post=11226"},{"taxonomy":"post_tag","embeddable":true,"href":"https:\/\/podernacional.com\/index.php?rest_route=%2Fwp%2Fv2%2Ftags&post=11226"}],"curies":[{"name":"wp","href":"https:\/\/api.w.org\/{rel}","templated":true}]}}