{"id":11243,"date":"2022-12-29T18:29:13","date_gmt":"2022-12-29T23:29:13","guid":{"rendered":"https:\/\/podernacional.com\/?p=11243"},"modified":"2022-12-29T23:29:15","modified_gmt":"2022-12-29T23:29:15","slug":"de-viaje-tua-del-aeropuerto-internacional-de-la-cdmx-aumentara-7-7-en-2023","status":"publish","type":"post","link":"https:\/\/podernacional.com\/?p=11243","title":{"rendered":"\u00bfDe viaje? TUA del Aeropuerto Internacional de la CDMX aumentar\u00e1 7.7% en 2023"},"content":{"rendered":"<h4>La tarifa no forma parte del precio formal del pasaje, pero se incluye en el costo final.<\/h4>\n<p>TUA del Aeropuerto: Te decimos cu\u00e1nto aumenta en vuelos nacionales e internacionales.<\/p>\n<p>Cada a\u00f1o, el Aeropuerto Internacional de la Ciudad de M\u00e9xico (AICM) actualiza la Tarifa de Uso Aeroportuario (TUA).<\/p>\n<p>El cual\u00a0corresponde al cobro que hacen los aeropuertos por el uso de sus instalaciones.<\/p>\n<p>La tarifa no forma parte del precio formal del pasaje, pero se incluye en el costo final.<\/p>\n<p>Actualmente las aerol\u00edneas separan la tarifa del costo del vuelo para dar una mayor transparencia en los precios.<\/p>\n<p>De acuerdo con el Diario Oficial de la Federaci\u00f3n, publicado a inicios del mes de diciembre.<\/p>\n<p>Adem\u00e1s de\u00a0la TUA del AICM aumentar\u00e1 un 7.7% para el 2023.<\/p>\n<p>En vuelos nacionales el alza es 2.02 d\u00f3lares, lo que sumado a la tarifa anterior da como resultado 28.04 d\u00f3lares.<\/p>\n<h4>Con respecto a los vuelos internacionales, la nueva TUA es de 53.24 d\u00f3lares.<\/h4>\n<p>La tarifa es calculada con base en el \u00cdndice de Precios al Consumidor publicado por Banco de la Reserva de los Estados Unidos de Am\u00e9rica.<\/p>\n<p>Por esta raz\u00f3n, el costo es calculado en d\u00f3lares, sin embargo, el AICM es la instituci\u00f3n encargada de calcular los precios.<\/p>\n<p>Esto\u00a0seg\u00fan el promedio mensual del cambio que se publica en el Diario Oficial de la Federaci\u00f3n.<\/p>\n<p>La vigencia de la nuevo tarifa comienza el 01 de enero de 2023 y se renovar\u00e1 para 2024.<\/p>\n<p>Actualmente se destinan 200 millones de d\u00f3lares provenientes de esta tarifa para el pago de los bonos emitidos.<\/p>\n<p>Esto\u00a0para la construcci\u00f3n del NAIM en Texcoco, el cual fue cancelado para construir el Aeropuerto Internacional Felipe \u00c1ngeles.<\/p>\n<p>En los m\u00e1s de 70 a\u00f1os de operaci\u00f3n, el Aeropuerto Internacional de la Ciudad de M\u00e9xico ha recibido distintas denominaciones.<\/p>\n<p>Entre ellas Puerto A\u00e9reo Central de la Ciudad de M\u00e9xico, Aeropuerto Central de la Ciudad de M\u00e9xico, Aeropuerto de M\u00e9xico.<\/p>\n<p>As\u00ed como del Aeropuerto Benito Ju\u00e1rez y el actual, Aeropuerto Internacional Benito Ju\u00e1rez Ciudad de M\u00e9xico (AIBJCM).<\/p>\n","protected":false},"excerpt":{"rendered":"<p>La tarifa no forma parte del precio formal del pasaje, pero se incluye en el costo final. TUA del Aeropuerto: Te decimos cu\u00e1nto aumenta en vuelos nacionales e internacionales. Cada a\u00f1o, el Aeropuerto Internacional de la Ciudad de M\u00e9xico (AICM) actualiza la Tarifa de Uso Aeroportuario (TUA). El cual\u00a0corresponde al cobro que hacen los aeropuertos [&hellip;]<\/p>\n","protected":false},"author":1,"featured_media":11245,"comment_status":"open","ping_status":"closed","sticky":false,"template":"","format":"standard","meta":{"footnotes":""},"categories":[5],"tags":[],"class_list":["post-11243","post","type-post","status-publish","format-standard","has-post-thumbnail","hentry","category-internacional"],"_links":{"self":[{"href":"https:\/\/podernacional.com\/index.php?rest_route=\/wp\/v2\/posts\/11243","targetHints":{"allow":["GET"]}}],"collection":[{"href":"https:\/\/podernacional.com\/index.php?rest_route=\/wp\/v2\/posts"}],"about":[{"href":"https:\/\/podernacional.com\/index.php?rest_route=\/wp\/v2\/types\/post"}],"author":[{"embeddable":true,"href":"https:\/\/podernacional.com\/index.php?rest_route=\/wp\/v2\/users\/1"}],"replies":[{"embeddable":true,"href":"https:\/\/podernacional.com\/index.php?rest_route=%2Fwp%2Fv2%2Fcomments&post=11243"}],"version-history":[{"count":1,"href":"https:\/\/podernacional.com\/index.php?rest_route=\/wp\/v2\/posts\/11243\/revisions"}],"predecessor-version":[{"id":11244,"href":"https:\/\/podernacional.com\/index.php?rest_route=\/wp\/v2\/posts\/11243\/revisions\/11244"}],"wp:featuredmedia":[{"embeddable":true,"href":"https:\/\/podernacional.com\/index.php?rest_route=\/wp\/v2\/media\/11245"}],"wp:attachment":[{"href":"https:\/\/podernacional.com\/index.php?rest_route=%2Fwp%2Fv2%2Fmedia&parent=11243"}],"wp:term":[{"taxonomy":"category","embeddable":true,"href":"https:\/\/podernacional.com\/index.php?rest_route=%2Fwp%2Fv2%2Fcategories&post=11243"},{"taxonomy":"post_tag","embeddable":true,"href":"https:\/\/podernacional.com\/index.php?rest_route=%2Fwp%2Fv2%2Ftags&post=11243"}],"curies":[{"name":"wp","href":"https:\/\/api.w.org\/{rel}","templated":true}]}}