{"id":11258,"date":"2022-12-30T18:33:59","date_gmt":"2022-12-30T23:33:59","guid":{"rendered":"https:\/\/podernacional.com\/?p=11258"},"modified":"2022-12-30T23:34:00","modified_gmt":"2022-12-30T23:34:00","slug":"el-senderismo-y-el-montanismo-se-convierten-en-el-deporte-mas-practicado-de-espana","status":"publish","type":"post","link":"https:\/\/podernacional.com\/?p=11258","title":{"rendered":"El senderismo y el monta\u00f1ismo se convierten en el deporte m\u00e1s practicado de Espa\u00f1a"},"content":{"rendered":"<h4>8,35 millones de personas practican esta modalidad en este pa\u00eds seg\u00fan la encuesta del CSD,\u00a0el n\u00famero de federados se ha duplicado en una d\u00e9cada<\/h4>\n<p>El senderismo y el monta\u00f1ismo: El 11% de los espa\u00f1oles corrieron en 2022, menos que en 2015<\/p>\n<p>Las razones por las que deber\u00edas empezar a hacer senderismo<\/p>\n<p>Trekking: andar por la monta\u00f1a mejorar\u00e1 tu vida<\/p>\n<p>El senderismo y el monta\u00f1ismo han sido por primera vez el deporte m\u00e1s practicado en Espa\u00f1a en 2022.<\/p>\n<p>Esto\u00a0seg\u00fan la Encuesta de H\u00e1bitos Deportivos de 2022, que se publica de manera quinquenal desde 1980.<\/p>\n<p>Adem\u00e1s de que\u00a0forma parte de las estad\u00edsticas oficiales del Estado que recoge el INE.<\/p>\n<h4>La publicada hace unos d\u00edas, con una muestra de 12.000 personas.<\/h4>\n<p>Lo cual explica que la carrera a pie es la sexta pr\u00e1ctica deportiva tras el senderismo, el ciclismo, la gimnasia y la nataci\u00f3n.<\/p>\n<p>Seg\u00fan los encuestados, entre quienes practican deporte, un tercio (el 30,8%) realiza principalmente senderismo y monta\u00f1ismo.<\/p>\n<p>Adem\u00e1s que\u00a0lo que en t\u00e9rminos de poblaci\u00f3n deportista supone 8.352.402 millones de espa\u00f1oles.<\/p>\n<p>El senderismo, que en la edici\u00f3n de 2010 de la misma encuesta s\u00f3lo practicaban el 8,7% de la poblaci\u00f3n espa\u00f1ola.<\/p>\n<p>Por ende, se ha visto incrementarse en 12 a\u00f1os m\u00e1s de un 200%.<\/p>\n<p>O\u00a0lo que es lo mismo, casi 7 millones en este tiempo o 560.000 nuevos senderistas y monta\u00f1eros al a\u00f1o.<\/p>\n<p>De esta forma, el senderismo se convierte en el deporte de vanguardia en \u00e9poca postpand\u00e9mica, habiendo desbancado a deportes hist\u00f3ricos.<\/p>\n<h4>Los cuales\u00a0hasta hace poco eran los m\u00e1s practicados entre la poblaci\u00f3n espa\u00f1ola.<\/h4>\n<p>Los datos de practicantes tambi\u00e9n se reflejan en el n\u00famero de personas federadas en senderismo y monta\u00f1ismo.<\/p>\n<p>Adem\u00e1s que\u00a0teniendo en cuenta la misma serie hist\u00f3rica, se han duplicado al pasar de 139.325 federados en 2010 a 273.549 federados en 2021.<\/p>\n<p>Asimismo, el tejido asociativo tambi\u00e9n se ha multiplicado sustantivamente.<\/p>\n<p>Al igual que al pasar de contar con 1.659 clubes de monta\u00f1ismo y senderismo en 2010 a 2.950 en 2022.<\/p>\n","protected":false},"excerpt":{"rendered":"<p>8,35 millones de personas practican esta modalidad en este pa\u00eds seg\u00fan la encuesta del CSD,\u00a0el n\u00famero de federados se ha duplicado en una d\u00e9cada El senderismo y el monta\u00f1ismo: El 11% de los espa\u00f1oles corrieron en 2022, menos que en 2015 Las razones por las que deber\u00edas empezar a hacer senderismo Trekking: andar por la [&hellip;]<\/p>\n","protected":false},"author":1,"featured_media":11260,"comment_status":"open","ping_status":"closed","sticky":false,"template":"","format":"standard","meta":{"footnotes":""},"categories":[3],"tags":[],"class_list":["post-11258","post","type-post","status-publish","format-standard","has-post-thumbnail","hentry","category-deportes"],"_links":{"self":[{"href":"https:\/\/podernacional.com\/index.php?rest_route=\/wp\/v2\/posts\/11258","targetHints":{"allow":["GET"]}}],"collection":[{"href":"https:\/\/podernacional.com\/index.php?rest_route=\/wp\/v2\/posts"}],"about":[{"href":"https:\/\/podernacional.com\/index.php?rest_route=\/wp\/v2\/types\/post"}],"author":[{"embeddable":true,"href":"https:\/\/podernacional.com\/index.php?rest_route=\/wp\/v2\/users\/1"}],"replies":[{"embeddable":true,"href":"https:\/\/podernacional.com\/index.php?rest_route=%2Fwp%2Fv2%2Fcomments&post=11258"}],"version-history":[{"count":1,"href":"https:\/\/podernacional.com\/index.php?rest_route=\/wp\/v2\/posts\/11258\/revisions"}],"predecessor-version":[{"id":11259,"href":"https:\/\/podernacional.com\/index.php?rest_route=\/wp\/v2\/posts\/11258\/revisions\/11259"}],"wp:featuredmedia":[{"embeddable":true,"href":"https:\/\/podernacional.com\/index.php?rest_route=\/wp\/v2\/media\/11260"}],"wp:attachment":[{"href":"https:\/\/podernacional.com\/index.php?rest_route=%2Fwp%2Fv2%2Fmedia&parent=11258"}],"wp:term":[{"taxonomy":"category","embeddable":true,"href":"https:\/\/podernacional.com\/index.php?rest_route=%2Fwp%2Fv2%2Fcategories&post=11258"},{"taxonomy":"post_tag","embeddable":true,"href":"https:\/\/podernacional.com\/index.php?rest_route=%2Fwp%2Fv2%2Ftags&post=11258"}],"curies":[{"name":"wp","href":"https:\/\/api.w.org\/{rel}","templated":true}]}}