{"id":11306,"date":"2023-01-02T15:25:24","date_gmt":"2023-01-02T20:25:24","guid":{"rendered":"https:\/\/podernacional.com\/?p=11306"},"modified":"2023-01-02T20:25:41","modified_gmt":"2023-01-02T20:25:41","slug":"dan-ultimo-adios-a-pele","status":"publish","type":"post","link":"https:\/\/podernacional.com\/?p=11306","title":{"rendered":"Dan \u00faltimo adi\u00f3s a Pel\u00e9"},"content":{"rendered":"<p>Una multitud de dolientes brasile\u00f1os rinde homenaje a Pel\u00e9 este lunes, en una procesi\u00f3n solemne ante su f\u00e9retro en el <a href=\"https:\/\/twitter.com\/VilaBelmiro\">Estadio Vila Belmiro<\/a>, en la ciudad de Santos.<\/p>\n<p>El astro brasile\u00f1o del falleci\u00f3 el jueves, tras dar una batalla contra el c\u00e1ncer, a la edad de 82 a\u00f1os.<\/p>\n<p>El ata\u00fad de Pel\u00e9 fue colocado sobre la cancha donde el talentoso futbolista marc\u00f3 algunos de los mejores goles en su carrera.<\/p>\n<p>Los asistentes al funeral caminaron ante el cad\u00e1ver en el estadio con aforo para 16 mil espectadores a las afueras de Sao Paulo.<\/p>\n<h4>El sepelio ser\u00e1 este martes<\/h4>\n<p>Est\u00e1 previsto que el sepelio se realice el martes, en un cementerio que se ubica apenas a unos 600 metros del estadio.<\/p>\n<p>Los restos del \u00fanico jugador en ganar tres mundiales (1958, 1962, 1970) arribaron al lugar alrededor de las 4:00 horas locales en una caravana salida desde el hospital Albert Einstein de Sao Paulo, donde estuvo internado desde el 29 de noviembre hasta su fallecimiento, un mes despu\u00e9s.<\/p>\n<p>Adem\u00e1s, varias banderas de diferentes tama\u00f1os decoran las tribunas: una con \u201cO Rei\u201d de espaldas, mostrando la camiseta con el n\u00famero 10 que inmortaliz\u00f3, y otras con los mensajes \u201cViva el rey\u201d, \u201cPel\u00e9 82 a\u00f1os\u201d o \u201cCamisa 10 del Santos\u201d.<\/p>\n<p>El ingreso estar\u00e1 permitido de manera \u201cininterrumpida\u201d hasta el martes a las 10:00 horas locales, tras lo cual empezar\u00e1 una procesi\u00f3n por las calles de Santos, a 75 kil\u00f3metros de Sao Paulo, y terminar\u00e1 en un mausoleo de la ciudad con un entierro reservado para la familia.<\/p>\n<p>En ese mismo cementerio, desde donde se ve la estructura albinegra del Vila Belmiro, descansan los restos del padre, el hermano y la t\u00eda de Pel\u00e9.<\/p>\n<p>La caravana f\u00fanebre pasar\u00e1 por la casa de la madre del legendario exfutbolista, do\u00f1a Celeste, de 100 a\u00f1os, quien no sabe de la muerte de su hijo.<\/p>\n<p>\u201cNosotros se lo dijimos, pero (\u2026) ella no es consciente\u201d, dijo el viernes Maria L\u00facia do Nascimento, hermana de Pel\u00e9.<\/p>\n","protected":false},"excerpt":{"rendered":"<p>Una multitud de dolientes brasile\u00f1os rinde homenaje a Pel\u00e9 este lunes, en una procesi\u00f3n solemne ante su f\u00e9retro en el Estadio Vila Belmiro, en la ciudad de Santos. El astro brasile\u00f1o del falleci\u00f3 el jueves, tras dar una batalla contra el c\u00e1ncer, a la edad de 82 a\u00f1os. El ata\u00fad de Pel\u00e9 fue colocado sobre [&hellip;]<\/p>\n","protected":false},"author":1,"featured_media":11308,"comment_status":"open","ping_status":"closed","sticky":false,"template":"","format":"standard","meta":{"footnotes":""},"categories":[3],"tags":[],"class_list":["post-11306","post","type-post","status-publish","format-standard","has-post-thumbnail","hentry","category-deportes"],"_links":{"self":[{"href":"https:\/\/podernacional.com\/index.php?rest_route=\/wp\/v2\/posts\/11306","targetHints":{"allow":["GET"]}}],"collection":[{"href":"https:\/\/podernacional.com\/index.php?rest_route=\/wp\/v2\/posts"}],"about":[{"href":"https:\/\/podernacional.com\/index.php?rest_route=\/wp\/v2\/types\/post"}],"author":[{"embeddable":true,"href":"https:\/\/podernacional.com\/index.php?rest_route=\/wp\/v2\/users\/1"}],"replies":[{"embeddable":true,"href":"https:\/\/podernacional.com\/index.php?rest_route=%2Fwp%2Fv2%2Fcomments&post=11306"}],"version-history":[{"count":1,"href":"https:\/\/podernacional.com\/index.php?rest_route=\/wp\/v2\/posts\/11306\/revisions"}],"predecessor-version":[{"id":11307,"href":"https:\/\/podernacional.com\/index.php?rest_route=\/wp\/v2\/posts\/11306\/revisions\/11307"}],"wp:featuredmedia":[{"embeddable":true,"href":"https:\/\/podernacional.com\/index.php?rest_route=\/wp\/v2\/media\/11308"}],"wp:attachment":[{"href":"https:\/\/podernacional.com\/index.php?rest_route=%2Fwp%2Fv2%2Fmedia&parent=11306"}],"wp:term":[{"taxonomy":"category","embeddable":true,"href":"https:\/\/podernacional.com\/index.php?rest_route=%2Fwp%2Fv2%2Fcategories&post=11306"},{"taxonomy":"post_tag","embeddable":true,"href":"https:\/\/podernacional.com\/index.php?rest_route=%2Fwp%2Fv2%2Ftags&post=11306"}],"curies":[{"name":"wp","href":"https:\/\/api.w.org\/{rel}","templated":true}]}}