{"id":11312,"date":"2023-01-02T18:54:36","date_gmt":"2023-01-02T23:54:36","guid":{"rendered":"https:\/\/podernacional.com\/?p=11312"},"modified":"2023-01-02T23:54:37","modified_gmt":"2023-01-02T23:54:37","slug":"con-karol-g-a-la-cabeza-fechas-artistas-boletos-y-lo-que-debes-saber-del-festival-de-vina-del-mar-2023","status":"publish","type":"post","link":"https:\/\/podernacional.com\/?p=11312","title":{"rendered":"Con Karol G a la cabeza: fechas, artistas, boletos y lo que debes saber del \u201cFestival de Vi\u00f1a del Mar 2023\u201d"},"content":{"rendered":"<h4>Todo va quedando listo para la edici\u00f3n 62 del \u201cFestival Internacional de la Canci\u00f3n de Vi\u00f1a del Mar\u201d.<\/h4>\n<p>Karol G : \u201cVi\u00f1a del Mar\u201d no se present\u00f3 por dos a\u00f1os debido a la pandemia<\/p>\n<p>Plataforma de streaming transmitir\u00e1 en vivo el evento<\/p>\n<p>El evento podr\u00eda ser el \u00faltimo concierto de Daddy Yankee<\/p>\n<p>Adam Levine explota con Vi\u00f1a del Mar tras su pol\u00e9mica presentaci\u00f3n<\/p>\n<p>Karol G ser\u00e1 la encargada de abrir la nueva edici\u00f3n del festival musical en la Quinta Vergara<\/p>\n<p>Como todos los a\u00f1os, el Anfiteatro de la Quinta Vergara, que posee una capacidad de 15 mil espectadores.<\/p>\n<p>Adem\u00e1s de que se prepara para albergar la edici\u00f3n 62 del \u201cFestival Internacional de la Canci\u00f3n de Vi\u00f1a del Mar\u201d.<\/p>\n<p>Al igual de que\u00a0el evento que re\u00fane a reconocidos artistas desde febrero de 1960.<\/p>\n<p>Si bien el evento, organizado por el gobierno de Vi\u00f1a del Mar, se hab\u00eda realizado por m\u00e1s de seis d\u00e9cadas de manera ininterrumpida.<\/p>\n<p>Al igual que\u00a0fue debido a la pandemia de la COVID-19 que las ediciones del 2021 y 2022 fueron canceladas.<\/p>\n<p>Esto\u00a0regresando el pr\u00f3ximo mes luego de dis a\u00f1os de ausencia.<\/p>\n<p>Para esta edici\u00f3n, la organizaci\u00f3n ha confirmado la presencia de varias celebs de Chile.<\/p>\n<p>As\u00ed como de varios pa\u00edses de Am\u00e9rica Latina, que buscar\u00e1n sorprender al \u201cMonstruo de la Quinta Vergara\u201d.<\/p>\n<h4>EL FESTIVAL INTERNACIONAL DE LA CANCI\u00d3N VI\u00d1A DEL MAR 2023<\/h4>\n<p>\u00bfCu\u00e1ndo inicia \u201cVi\u00f1a del Mar 2023\u201d?<\/p>\n<p>La edici\u00f3n de regreso del festival internacional empieza el pr\u00f3ximo 19 de febrero y se extender\u00e1 por seis d\u00edas.<\/p>\n<p>El cual estar\u00e1\u00a0finalizando el 24 de febrero de 2023.<\/p>\n<p>Los artistas para \u201cVi\u00f1a del Mar 2023\u201d<\/p>\n<p>Domingo 19 de febrero: Karol G, Paloma Mami y un artista por confirmar<\/p>\n<p>Lunes 20 de febrero: Man\u00e1 y dos artistas por confirmar<\/p>\n<p>Martes 21 de febrero: Alejandro Fern\u00e1ndez, Los Jaivas y un artista por confirmar<\/p>\n<p>Mi\u00e9rcoles 22 de febrero: tres artistas por confirmar<\/p>\n<p>Jueves 23 de febrero: Cristina Aguilera, Polim\u00e1 Westcoast y un artista por confirmar<\/p>\n<p>Viernes 24 de febrero: Camilo, Nicki Nicole y un artista por confirmar<\/p>\n","protected":false},"excerpt":{"rendered":"<p>Todo va quedando listo para la edici\u00f3n 62 del \u201cFestival Internacional de la Canci\u00f3n de Vi\u00f1a del Mar\u201d. Karol G : \u201cVi\u00f1a del Mar\u201d no se present\u00f3 por dos a\u00f1os debido a la pandemia Plataforma de streaming transmitir\u00e1 en vivo el evento El evento podr\u00eda ser el \u00faltimo concierto de Daddy Yankee Adam Levine explota [&hellip;]<\/p>\n","protected":false},"author":1,"featured_media":11314,"comment_status":"open","ping_status":"closed","sticky":false,"template":"","format":"standard","meta":{"footnotes":""},"categories":[2],"tags":[],"class_list":["post-11312","post","type-post","status-publish","format-standard","has-post-thumbnail","hentry","category-cultural"],"_links":{"self":[{"href":"https:\/\/podernacional.com\/index.php?rest_route=\/wp\/v2\/posts\/11312","targetHints":{"allow":["GET"]}}],"collection":[{"href":"https:\/\/podernacional.com\/index.php?rest_route=\/wp\/v2\/posts"}],"about":[{"href":"https:\/\/podernacional.com\/index.php?rest_route=\/wp\/v2\/types\/post"}],"author":[{"embeddable":true,"href":"https:\/\/podernacional.com\/index.php?rest_route=\/wp\/v2\/users\/1"}],"replies":[{"embeddable":true,"href":"https:\/\/podernacional.com\/index.php?rest_route=%2Fwp%2Fv2%2Fcomments&post=11312"}],"version-history":[{"count":1,"href":"https:\/\/podernacional.com\/index.php?rest_route=\/wp\/v2\/posts\/11312\/revisions"}],"predecessor-version":[{"id":11313,"href":"https:\/\/podernacional.com\/index.php?rest_route=\/wp\/v2\/posts\/11312\/revisions\/11313"}],"wp:featuredmedia":[{"embeddable":true,"href":"https:\/\/podernacional.com\/index.php?rest_route=\/wp\/v2\/media\/11314"}],"wp:attachment":[{"href":"https:\/\/podernacional.com\/index.php?rest_route=%2Fwp%2Fv2%2Fmedia&parent=11312"}],"wp:term":[{"taxonomy":"category","embeddable":true,"href":"https:\/\/podernacional.com\/index.php?rest_route=%2Fwp%2Fv2%2Fcategories&post=11312"},{"taxonomy":"post_tag","embeddable":true,"href":"https:\/\/podernacional.com\/index.php?rest_route=%2Fwp%2Fv2%2Ftags&post=11312"}],"curies":[{"name":"wp","href":"https:\/\/api.w.org\/{rel}","templated":true}]}}