{"id":11318,"date":"2023-01-02T19:44:26","date_gmt":"2023-01-03T00:44:26","guid":{"rendered":"https:\/\/podernacional.com\/?p=11318"},"modified":"2023-01-03T00:44:27","modified_gmt":"2023-01-03T00:44:27","slug":"jesus-orozco-chiquete-despierta-interes-de-rayados-para-el-cl-2023","status":"publish","type":"post","link":"https:\/\/podernacional.com\/?p=11318","title":{"rendered":"Jes\u00fas Orozco Chiquete despierta inter\u00e9s de Rayados para el CL 2023"},"content":{"rendered":"<h3>La salida de C\u00e9sar Montes dej\u00f3 un hueco en la defensa que los de Monterrey quieren llenar con miras al futuro.<\/h3>\n<p>Jes\u00fas Orozco Chiquete: Los Rayados de Monterrey quieren mejorar su l\u00ednea defensiva a d\u00edas del inicio del torneo Clausura 2023.<\/p>\n<p>As\u00ed como\u00a0dentro de la lista de candidatos aparece Jes\u00fas Orozco Chiquete.<\/p>\n<p>El defensa de 20 a\u00f1os, que pertenece a las Chivas de Guadalajara, posee el perfil id\u00f3neo que busca la directiva.<\/p>\n<p>Adem\u00e1s del cuerpo t\u00e9cnico encabezado por V\u00edctor Manuel Vucetich.<\/p>\n<p>La salida de C\u00e9sar Montes a LaLiga con el Espanyol dej\u00f3 un hueco en la defensa que Rayados busca llenar con piernas j\u00f3venes.<\/p>\n<p>Pero ya experimentadas y con un futuro prometedor.<\/p>\n<p>El perfil de Jes\u00fas Orozco es id\u00f3neo para la visi\u00f3n de Rayados.<\/p>\n<p>Sin embargo, existen otros nombres que podr\u00edan llegar al conjunto rayado durante el Clausura 2023.<\/p>\n<p>De acuerdo con Transfermartek, Jes\u00fas Orozco est\u00e1 valuado en 2.5 millones de d\u00f3lares.<\/p>\n<p>As\u00ed como\u00a0al parecer, Chivas solo estar\u00eda interesado en dejar ir a su jugador con una oferta del futbol europeo.<\/p>\n<p>Jes\u00fas Orozco Chiquete despierta inter\u00e9s de Rayados para el CL 2023<\/p>\n","protected":false},"excerpt":{"rendered":"<p>La salida de C\u00e9sar Montes dej\u00f3 un hueco en la defensa que los de Monterrey quieren llenar con miras al futuro. Jes\u00fas Orozco Chiquete: Los Rayados de Monterrey quieren mejorar su l\u00ednea defensiva a d\u00edas del inicio del torneo Clausura 2023. As\u00ed como\u00a0dentro de la lista de candidatos aparece Jes\u00fas Orozco Chiquete. El defensa de [&hellip;]<\/p>\n","protected":false},"author":1,"featured_media":11320,"comment_status":"open","ping_status":"closed","sticky":false,"template":"","format":"standard","meta":{"footnotes":""},"categories":[3],"tags":[],"class_list":["post-11318","post","type-post","status-publish","format-standard","has-post-thumbnail","hentry","category-deportes"],"_links":{"self":[{"href":"https:\/\/podernacional.com\/index.php?rest_route=\/wp\/v2\/posts\/11318","targetHints":{"allow":["GET"]}}],"collection":[{"href":"https:\/\/podernacional.com\/index.php?rest_route=\/wp\/v2\/posts"}],"about":[{"href":"https:\/\/podernacional.com\/index.php?rest_route=\/wp\/v2\/types\/post"}],"author":[{"embeddable":true,"href":"https:\/\/podernacional.com\/index.php?rest_route=\/wp\/v2\/users\/1"}],"replies":[{"embeddable":true,"href":"https:\/\/podernacional.com\/index.php?rest_route=%2Fwp%2Fv2%2Fcomments&post=11318"}],"version-history":[{"count":1,"href":"https:\/\/podernacional.com\/index.php?rest_route=\/wp\/v2\/posts\/11318\/revisions"}],"predecessor-version":[{"id":11319,"href":"https:\/\/podernacional.com\/index.php?rest_route=\/wp\/v2\/posts\/11318\/revisions\/11319"}],"wp:featuredmedia":[{"embeddable":true,"href":"https:\/\/podernacional.com\/index.php?rest_route=\/wp\/v2\/media\/11320"}],"wp:attachment":[{"href":"https:\/\/podernacional.com\/index.php?rest_route=%2Fwp%2Fv2%2Fmedia&parent=11318"}],"wp:term":[{"taxonomy":"category","embeddable":true,"href":"https:\/\/podernacional.com\/index.php?rest_route=%2Fwp%2Fv2%2Fcategories&post=11318"},{"taxonomy":"post_tag","embeddable":true,"href":"https:\/\/podernacional.com\/index.php?rest_route=%2Fwp%2Fv2%2Ftags&post=11318"}],"curies":[{"name":"wp","href":"https:\/\/api.w.org\/{rel}","templated":true}]}}