{"id":11327,"date":"2023-01-02T19:58:04","date_gmt":"2023-01-03T00:58:04","guid":{"rendered":"https:\/\/podernacional.com\/?p=11327"},"modified":"2023-01-03T00:58:05","modified_gmt":"2023-01-03T00:58:05","slug":"aumento-al-impuesto-sobre-la-nomina-hara-que-2023-sea-complicado-para-empresarios","status":"publish","type":"post","link":"https:\/\/podernacional.com\/?p=11327","title":{"rendered":"AUMENTO AL IMPUESTO SOBRE LA N\u00d3MINA HAR\u00c1 QUE 2023 SEA COMPLICADO PARA EMPRESARIOS:"},"content":{"rendered":"<h4>Aumento al Impuesto sobre la N\u00f3mina har\u00e1 que 2023 sea complicado para empresarios: Pablo Alcocer<\/h4>\n<p>AUMENTO: Para el presidente del Consejo Coordinador Empresarial de la Riviera Maya (CCERM), Pablo Alcocer G\u00f3ngora.<\/p>\n<p>Adem\u00e1s que\u00a0el aumento al Impuesto Sobre la N\u00f3mina provocar\u00e1 que este 2023 sea un a\u00f1o complejo para el sector.<\/p>\n<p>Y es que dijo, estas alzas significar\u00e1n un fuerte golpe a la econom\u00eda de las peque\u00f1as y medianas empresas.<\/p>\n<p>As\u00ed como\u00a0las cuales son m\u00e1s del 60 por ciento del sector.<\/p>\n<p>\u201cEs un tema complicado, estatalmente aumenta el Impuesto sobre N\u00f3mina\u201d.<\/p>\n<p>Y sobre el Impuesto al Hospedaje hay que ser claros que no es que le pegue directamente al sector, pero el Impuesto sobre N\u00f3mina s\u00ed.<\/p>\n<p>Volvemos a lo mismo, la gran parte del sector comercio y servicios est\u00e1 en las Pymes o peque\u00f1as empresas.<\/p>\n<p>Adem\u00e1s que estamos hablando de casi un 60, 70 por ciento de negocios con esas caracter\u00edsticas.<\/p>\n<h4>\u201cAs\u00ed como\u00a0ellos les pega el Impuesto sobre N\u00f3mina\u201d, destac\u00f3 el l\u00edder empresarial en entrevista.<\/h4>\n<p>Dice que la afectaci\u00f3n es \u201cporque no solo es el 4 por ciento que se va a aplicar\u201d.<\/p>\n<p>\u201cSino ese incremento de salario que ya es un 20 por ciento, y sobre eso, aplicarle el Impuesto sobre N\u00f3mina\u201d.<\/p>\n<p>Por ello considera que s\u00ed va a ser un tema complicado para los empresarios, sobre estas alzas en impuestos estatales.<\/p>\n<p>Pese a ello dicen que entienden la situaci\u00f3n, pero no est\u00e1n del todo satisfechos.<\/p>\n<p>\u201cTerminamos cargando situaciones que funcionarios p\u00fablicos provocaron\u201d, subray\u00f3.<\/p>\n<p>A\u00f1adi\u00f3 que estas inquietudes ya se las hizo saber el sector empresarial a la gobernadora Mara Lezama, quien est\u00e1 muy emp\u00e1tica ante la situaci\u00f3n.<\/p>\n<p>\u201cEstamos poniendo nuestro grano de arena, entendiendo la situaci\u00f3n y trabajando con la situaci\u00f3n, pero no debe ser recurrente\u201d.<\/p>\n<p>\u201cEs lo que dec\u00edamos (a la gobernadora), entendemos el tema de desarrollo social que quiere empujar, estamos de acuerdo\u201d.<\/p>\n<h4>\u201cPero de nada sirve si no se aplica adecuadamente el recurso\u201d, complement\u00f3 Alcocer G\u00f3ngora.<\/h4>\n<p>Conf\u00edan en la voluntad de la gobernadora de que va a vigilar que los recursos se inviertan de manera adecuada.<\/p>\n<p>As\u00ed como para que no pase lo de otras administraciones con las que quedaron \u201cinsatisfechos\u201d.<\/p>\n<p>Los empresarios consideran adem\u00e1s que la seguridad es otro rubro en el que deben poner atenci\u00f3n las autoridades.<\/p>\n<p>Se debe garantizar el bienestar de todos los quintanarroenses, de los empresarios y los turistas, apunt\u00f3 Pablo Alcocer G\u00f3ngora.<\/p>\n","protected":false},"excerpt":{"rendered":"<p>Aumento al Impuesto sobre la N\u00f3mina har\u00e1 que 2023 sea complicado para empresarios: Pablo Alcocer AUMENTO: Para el presidente del Consejo Coordinador Empresarial de la Riviera Maya (CCERM), Pablo Alcocer G\u00f3ngora. Adem\u00e1s que\u00a0el aumento al Impuesto Sobre la N\u00f3mina provocar\u00e1 que este 2023 sea un a\u00f1o complejo para el sector. Y es que dijo, estas [&hellip;]<\/p>\n","protected":false},"author":1,"featured_media":11329,"comment_status":"open","ping_status":"closed","sticky":false,"template":"","format":"standard","meta":{"footnotes":""},"categories":[9],"tags":[],"class_list":["post-11327","post","type-post","status-publish","format-standard","has-post-thumbnail","hentry","category-politica"],"_links":{"self":[{"href":"https:\/\/podernacional.com\/index.php?rest_route=\/wp\/v2\/posts\/11327","targetHints":{"allow":["GET"]}}],"collection":[{"href":"https:\/\/podernacional.com\/index.php?rest_route=\/wp\/v2\/posts"}],"about":[{"href":"https:\/\/podernacional.com\/index.php?rest_route=\/wp\/v2\/types\/post"}],"author":[{"embeddable":true,"href":"https:\/\/podernacional.com\/index.php?rest_route=\/wp\/v2\/users\/1"}],"replies":[{"embeddable":true,"href":"https:\/\/podernacional.com\/index.php?rest_route=%2Fwp%2Fv2%2Fcomments&post=11327"}],"version-history":[{"count":1,"href":"https:\/\/podernacional.com\/index.php?rest_route=\/wp\/v2\/posts\/11327\/revisions"}],"predecessor-version":[{"id":11328,"href":"https:\/\/podernacional.com\/index.php?rest_route=\/wp\/v2\/posts\/11327\/revisions\/11328"}],"wp:featuredmedia":[{"embeddable":true,"href":"https:\/\/podernacional.com\/index.php?rest_route=\/wp\/v2\/media\/11329"}],"wp:attachment":[{"href":"https:\/\/podernacional.com\/index.php?rest_route=%2Fwp%2Fv2%2Fmedia&parent=11327"}],"wp:term":[{"taxonomy":"category","embeddable":true,"href":"https:\/\/podernacional.com\/index.php?rest_route=%2Fwp%2Fv2%2Fcategories&post=11327"},{"taxonomy":"post_tag","embeddable":true,"href":"https:\/\/podernacional.com\/index.php?rest_route=%2Fwp%2Fv2%2Ftags&post=11327"}],"curies":[{"name":"wp","href":"https:\/\/api.w.org\/{rel}","templated":true}]}}