{"id":11434,"date":"2023-01-05T19:36:32","date_gmt":"2023-01-06T00:36:32","guid":{"rendered":"https:\/\/podernacional.com\/?p=11434"},"modified":"2023-01-06T00:36:33","modified_gmt":"2023-01-06T00:36:33","slug":"con-mas-de-500-deportistas-inder-medellin-esta-presente-en-la-duodecima-edicion-del-festival-de-festivales","status":"publish","type":"post","link":"https:\/\/podernacional.com\/?p=11434","title":{"rendered":"Con m\u00e1s de 500 deportistas, INDER Medell\u00edn est\u00e1 presente en la duod\u00e9cima edici\u00f3n del Festival de Festivales"},"content":{"rendered":"<h4>Con la entrega oficial de los uniformes del festival.<\/h4>\n<p>M\u00e1s de 500 deportistas: Por endecomienza la cuenta regresiva para dar inicio a la fiesta del deporte.<\/p>\n<p>Ser\u00e1n 537 deportistas los que representar\u00e1n.<\/p>\n<p>Con la entrega oficial de los uniformes del festival, comienza la cuenta regresiva para dar inicio a la fiesta del deporte.<\/p>\n<p>Ser\u00e1n 537 deportistas los que representar\u00e1n al Distrito en las 19 disciplinas deportivas del festival.<\/p>\n<p>Adicionalmente, el INDER se suma a esta fiesta con el pr\u00e9stamo de los escenarios deportivos de la Unidad Deportiva Atanasio Girardot.<\/p>\n<p>As\u00ed como de otros en diferentes puntos de la ciudad.<\/p>\n<p>Con la entrega de los uniformes para los 6.500 deportistas, inici\u00f3 la cuenta regresiva para el inicio de la edici\u00f3n 12 del Festival de Festivales.<\/p>\n<h4>As\u00ed como una fiesta del deporte que se realizar\u00e1 del 7 al 21 de enero.<\/h4>\n<p>El cual\u00a0es organizada por la Corporaci\u00f3n Deportiva Los Paisitas, con el apoyo de la Alcald\u00eda de Medell\u00edn.<\/p>\n<p>En el evento multideportivo para ni\u00f1os, ni\u00f1as y j\u00f3venes m\u00e1s importante del pa\u00eds se mostrar\u00e1 el talento de estos en 19 disciplinas deportivas.<\/p>\n<p>La ciudad estar\u00e1 representada por 537 deportistas de Medell\u00edn, que hacen parte de los procesos que tiene el Instituto en todas las comunas.<\/p>\n<p>Adem\u00e1s de que\u00a0corregimientos con las Escuelas Populares del Deporte y Desarrollo Deportivo.<\/p>\n<p>\u201cEntregamos los uniformes de este certamen, en el que nuestros ni\u00f1os y ni\u00f1as se preparan y se construyen para el futuro\u201d.<\/p>\n<p>\u201cAs\u00ed como estar\u00a0desarrollando capacidades como la disciplina, el trabajo en equipo y el juego limpio\u201d. Estas disciplinas deportivas son apoyadas por el Distrito y all\u00ed los j\u00f3venes demostrar\u00e1n.<\/p>\n<p>\u201cAdem\u00e1s que una vez m\u00e1s, que en la Medell\u00edn Futuro respaldamos el deporte y la recreaci\u00f3n para la construcci\u00f3n de valores y talentos del futuro\u201d.<\/p>\n<p>Esto\u00a0dijo el alcalde (e) de Medell\u00edn, Juan Pablo Ram\u00edrez \u00c1lvarez.<\/p>\n<p>Estos j\u00f3venes talento representar\u00e1n al Distrito en deportes como ajedrez, atletismo, baloncesto, b\u00e9isbol, BMX, bowling, ciclismo.<\/p>\n<p>Adem\u00e1s de:\u00a0f\u00fatbol, f\u00fatbol de sal\u00f3n, f\u00fatbol sala, judo, nataci\u00f3n, patinaje, porrismo, taekwondo, tenis de campo, tenis de mesa, tiro con arco y voleibol.<\/p>\n<p>&nbsp;<\/p>\n<p>&nbsp;<\/p>\n","protected":false},"excerpt":{"rendered":"<p>Con la entrega oficial de los uniformes del festival. M\u00e1s de 500 deportistas: Por endecomienza la cuenta regresiva para dar inicio a la fiesta del deporte. Ser\u00e1n 537 deportistas los que representar\u00e1n. Con la entrega oficial de los uniformes del festival, comienza la cuenta regresiva para dar inicio a la fiesta del deporte. Ser\u00e1n 537 [&hellip;]<\/p>\n","protected":false},"author":1,"featured_media":11436,"comment_status":"open","ping_status":"closed","sticky":false,"template":"","format":"standard","meta":{"footnotes":""},"categories":[3],"tags":[],"class_list":["post-11434","post","type-post","status-publish","format-standard","has-post-thumbnail","hentry","category-deportes"],"_links":{"self":[{"href":"https:\/\/podernacional.com\/index.php?rest_route=\/wp\/v2\/posts\/11434","targetHints":{"allow":["GET"]}}],"collection":[{"href":"https:\/\/podernacional.com\/index.php?rest_route=\/wp\/v2\/posts"}],"about":[{"href":"https:\/\/podernacional.com\/index.php?rest_route=\/wp\/v2\/types\/post"}],"author":[{"embeddable":true,"href":"https:\/\/podernacional.com\/index.php?rest_route=\/wp\/v2\/users\/1"}],"replies":[{"embeddable":true,"href":"https:\/\/podernacional.com\/index.php?rest_route=%2Fwp%2Fv2%2Fcomments&post=11434"}],"version-history":[{"count":1,"href":"https:\/\/podernacional.com\/index.php?rest_route=\/wp\/v2\/posts\/11434\/revisions"}],"predecessor-version":[{"id":11435,"href":"https:\/\/podernacional.com\/index.php?rest_route=\/wp\/v2\/posts\/11434\/revisions\/11435"}],"wp:featuredmedia":[{"embeddable":true,"href":"https:\/\/podernacional.com\/index.php?rest_route=\/wp\/v2\/media\/11436"}],"wp:attachment":[{"href":"https:\/\/podernacional.com\/index.php?rest_route=%2Fwp%2Fv2%2Fmedia&parent=11434"}],"wp:term":[{"taxonomy":"category","embeddable":true,"href":"https:\/\/podernacional.com\/index.php?rest_route=%2Fwp%2Fv2%2Fcategories&post=11434"},{"taxonomy":"post_tag","embeddable":true,"href":"https:\/\/podernacional.com\/index.php?rest_route=%2Fwp%2Fv2%2Ftags&post=11434"}],"curies":[{"name":"wp","href":"https:\/\/api.w.org\/{rel}","templated":true}]}}