{"id":11440,"date":"2023-01-05T19:46:36","date_gmt":"2023-01-06T00:46:36","guid":{"rendered":"https:\/\/podernacional.com\/?p=11440"},"modified":"2023-01-06T00:46:37","modified_gmt":"2023-01-06T00:46:37","slug":"amnistia-internacional-exigio-amlo-garantizar-seguridad-en-culiacan-tras-la-captura-del-hijo-de-el-chapo-guzman","status":"publish","type":"post","link":"https:\/\/podernacional.com\/?p=11440","title":{"rendered":"Amnist\u00eda Internacional exigi\u00f3 AMLO garantizar seguridad en Culiac\u00e1n tras la captura del hijo de \u201cEl Chapo\u201d Guzm\u00e1n"},"content":{"rendered":"<h4>Ante la detenci\u00f3n de Ovidio Guzm\u00e1n, la capital del estado ha registrado fuertes balaceras e incendios en la regi\u00f3n<\/h4>\n<p><a href=\"https:\/\/whatsappmexico.com\/?p=11386\">Amnist\u00eda<\/a> Internacional: Ante los fuertes actos de violencia que se registran en Culiac\u00e1n, Sinaloa \u2014perpetrados por la captura del hijo del \u201cEl Chapo\u201d, Ovidio Guzm\u00e1n\u2014.<\/p>\n<p>La cual la Amnist\u00eda Internacional emiti\u00f3 un mensaje dirigido al Gobierno de M\u00e9xico.<\/p>\n<p>Adem\u00e1s del\u00a0encabezado por el presidente Andr\u00e9s Manuel L\u00f3pez Obrador (AMLO), para exigir que garantice seguridad a los y las ciudadanos sinaloenses.<\/p>\n<p>Dos aviones de la Fuerza A\u00e9rea llegaron a Culiac\u00e1n tras captura de Ovidio Guzm\u00e1n; AICM advierte cancelaciones de vuelos<\/p>\n<p>El hijo del Chapo Guzm\u00e1n fue recapturado en la capital sinaloense tras un fuerte operativo de las Fuerzas Armadas<\/p>\n<p>\u201cAnte la violencia registrada en varias partes de Sinaloa exigimos a las autoridades mexicanas garantizar la vida, la seguridad\u201d.<\/p>\n<p>\u201cAs\u00ed como de\u00a0la integridad de las personas civiles en Culiac\u00e1n y en todo el estado\u201d, ataj\u00f3 la organizaci\u00f3n internacional.<\/p>\n<h4>Y es que desde la ma\u00f1ana del 05 de enero, en diferentes puntos de la capital de Sinaloa se han registrado fuertes balaceras, robo.<\/h4>\n<p>Al igual que quema de veh\u00edculos as\u00ed como narcobloqueos en carreteras, los cuales, hasta el medio d\u00eda de este jueves, mantienen bajo asedio la regi\u00f3n.<\/p>\n<p>Partidos de f\u00fatbol, clases, y vuelos fueron suspendidos por las autoridades estales mismas que instaron a la poblaci\u00f3n de Culiac\u00e1n.<\/p>\n<p>As\u00ed mismo\u00a0a mantenerse resguardados ante la fuerte ofensiva emprendida por presuntos miembros del narcotr\u00e1fico.<\/p>\n<p>Esto\u00a0tras la recaptura de uno de los l\u00edderes del C\u00e1rtel de Sinaloa.<\/p>\n<p>Y es que se estima que c\u00e9lulas de dicho C\u00e1rtel llevaron a cabo al menos 50 narcobloqueos utilizando veh\u00edculos en llamas.<\/p>\n","protected":false},"excerpt":{"rendered":"<p>Ante la detenci\u00f3n de Ovidio Guzm\u00e1n, la capital del estado ha registrado fuertes balaceras e incendios en la regi\u00f3n Amnist\u00eda Internacional: Ante los fuertes actos de violencia que se registran en Culiac\u00e1n, Sinaloa \u2014perpetrados por la captura del hijo del \u201cEl Chapo\u201d, Ovidio Guzm\u00e1n\u2014. La cual la Amnist\u00eda Internacional emiti\u00f3 un mensaje dirigido al Gobierno [&hellip;]<\/p>\n","protected":false},"author":1,"featured_media":11442,"comment_status":"open","ping_status":"closed","sticky":false,"template":"","format":"standard","meta":{"footnotes":""},"categories":[5],"tags":[],"class_list":["post-11440","post","type-post","status-publish","format-standard","has-post-thumbnail","hentry","category-internacional"],"_links":{"self":[{"href":"https:\/\/podernacional.com\/index.php?rest_route=\/wp\/v2\/posts\/11440","targetHints":{"allow":["GET"]}}],"collection":[{"href":"https:\/\/podernacional.com\/index.php?rest_route=\/wp\/v2\/posts"}],"about":[{"href":"https:\/\/podernacional.com\/index.php?rest_route=\/wp\/v2\/types\/post"}],"author":[{"embeddable":true,"href":"https:\/\/podernacional.com\/index.php?rest_route=\/wp\/v2\/users\/1"}],"replies":[{"embeddable":true,"href":"https:\/\/podernacional.com\/index.php?rest_route=%2Fwp%2Fv2%2Fcomments&post=11440"}],"version-history":[{"count":1,"href":"https:\/\/podernacional.com\/index.php?rest_route=\/wp\/v2\/posts\/11440\/revisions"}],"predecessor-version":[{"id":11441,"href":"https:\/\/podernacional.com\/index.php?rest_route=\/wp\/v2\/posts\/11440\/revisions\/11441"}],"wp:featuredmedia":[{"embeddable":true,"href":"https:\/\/podernacional.com\/index.php?rest_route=\/wp\/v2\/media\/11442"}],"wp:attachment":[{"href":"https:\/\/podernacional.com\/index.php?rest_route=%2Fwp%2Fv2%2Fmedia&parent=11440"}],"wp:term":[{"taxonomy":"category","embeddable":true,"href":"https:\/\/podernacional.com\/index.php?rest_route=%2Fwp%2Fv2%2Fcategories&post=11440"},{"taxonomy":"post_tag","embeddable":true,"href":"https:\/\/podernacional.com\/index.php?rest_route=%2Fwp%2Fv2%2Ftags&post=11440"}],"curies":[{"name":"wp","href":"https:\/\/api.w.org\/{rel}","templated":true}]}}