{"id":11461,"date":"2023-01-06T18:16:51","date_gmt":"2023-01-06T23:16:51","guid":{"rendered":"https:\/\/podernacional.com\/?p=11461"},"modified":"2023-01-06T23:16:52","modified_gmt":"2023-01-06T23:16:52","slug":"la-tecnologia-del-futuro-que-se-presentara-en-la-ces-2023","status":"publish","type":"post","link":"https:\/\/podernacional.com\/?p=11461","title":{"rendered":"La \u201ctecnolog\u00eda del futuro\u201d que se presentara en la CES 2023"},"content":{"rendered":"<h4>La esperada feria anual de electr\u00f3nica, la Consumer Electronics Show, mejor conocida como CES 2023 por sus siglas en ingl\u00e9s.<\/h4>\n<p>CES 2023: El cual se encuentra abierta desde este jueves y hasta el pr\u00f3ximo 8 de enero, en Las Vegas, Estados Unidos.<\/p>\n<p>Adem\u00e1s de que\u00a0presenta lo m\u00e1s novedoso en tecnolog\u00eda y los \u00faltimos avances en inteligencia artificial, tanto en veh\u00edculos como en robots y electrodom\u00e9sticos.<\/p>\n<h4>\u00bfQu\u00e9 se puede ver en la CES 2023?<\/h4>\n<p>Autom\u00f3viles<\/p>\n<p>La pr\u00f3xima generaci\u00f3n en el sector transporte, desde autom\u00f3viles, camiones, barcos y tractores hasta aparatos voladores.<\/p>\n<p>Adem\u00e1s de que\u00a0es una de las cosas que m\u00e1s atrae la atenci\u00f3n del p\u00fablico.<\/p>\n<p>Y es que, m\u00e1s que nunca, los autom\u00f3viles vienen con sistemas operativos muy parecidos a los de un tel\u00e9fono inteligente o una computadora port\u00e1til.<\/p>\n<p>Con los autos conectados a internet, aparecen las aplicaciones y el entretenimiento en l\u00ednea.<\/p>\n<p>Mientras los desarrolladores se esfuerzan por captar la atenci\u00f3n de los pasajeros con servicios de streaming o compras a bordo.<\/p>\n<p>En la CES tambi\u00e9n hay un despliegue de veh\u00edculos el\u00e9ctricos con inteligencia artificial, anticip\u00f3 Greengart, pero son los autos voladores personalizados.<\/p>\n<h4>Mundos virtuales<\/h4>\n<p>Liderados por la empresa Meta de Mark Zuckerberg, los mundos virtuales inmersivos conocidos como el metaverso son parte de la sensaci\u00f3n en la CES 2023.<\/p>\n<p>Este ya fue un tema dominante en el CES 2022, por lo que este a\u00f1o se espera que los cascos de realidad virtual.<\/p>\n<p>El cual est\u00e1n\u00a0destinados a transportar personas al metaverso vuelvan a ocupar un lugar destacado.<\/p>\n<p>Adem\u00e1s de Meta, casa matriz de Facebook, permitir\u00e1 a algunos invitados probar el \u00faltimo visor de realidad virtual Oculus Quest.<\/p>\n<p>As\u00ed como\u00a0con miras a persuadir a los esc\u00e9pticos de que el giro de la compa\u00f1\u00eda hacia el metaverso fue el correcto.<\/p>\n<p>Tambi\u00e9n se espera que los dispositivos o servicios presentados como parte de la pr\u00f3xima generaci\u00f3n de internet, o \u201cWeb 3\u201d.<\/p>\n<p>El cual\u00a0incluyan equipos de realidad mixta, as\u00ed como tecnolog\u00eda blockchain y criptomonedas.<\/p>\n<p>En cuanto a la Web 3 promete una internet m\u00e1s descentralizada donde los gigantes tecnol\u00f3gicos.<\/p>\n<p>Adem\u00e1s de\u00a0las grandes empresas o los gobiernos ya no tengan todas las claves de la vida en l\u00ednea.<\/p>\n","protected":false},"excerpt":{"rendered":"<p>La esperada feria anual de electr\u00f3nica, la Consumer Electronics Show, mejor conocida como CES 2023 por sus siglas en ingl\u00e9s. CES 2023: El cual se encuentra abierta desde este jueves y hasta el pr\u00f3ximo 8 de enero, en Las Vegas, Estados Unidos. Adem\u00e1s de que\u00a0presenta lo m\u00e1s novedoso en tecnolog\u00eda y los \u00faltimos avances en [&hellip;]<\/p>\n","protected":false},"author":1,"featured_media":11463,"comment_status":"open","ping_status":"closed","sticky":false,"template":"","format":"standard","meta":{"footnotes":""},"categories":[13],"tags":[],"class_list":["post-11461","post","type-post","status-publish","format-standard","has-post-thumbnail","hentry","category-tecnologia"],"_links":{"self":[{"href":"https:\/\/podernacional.com\/index.php?rest_route=\/wp\/v2\/posts\/11461","targetHints":{"allow":["GET"]}}],"collection":[{"href":"https:\/\/podernacional.com\/index.php?rest_route=\/wp\/v2\/posts"}],"about":[{"href":"https:\/\/podernacional.com\/index.php?rest_route=\/wp\/v2\/types\/post"}],"author":[{"embeddable":true,"href":"https:\/\/podernacional.com\/index.php?rest_route=\/wp\/v2\/users\/1"}],"replies":[{"embeddable":true,"href":"https:\/\/podernacional.com\/index.php?rest_route=%2Fwp%2Fv2%2Fcomments&post=11461"}],"version-history":[{"count":1,"href":"https:\/\/podernacional.com\/index.php?rest_route=\/wp\/v2\/posts\/11461\/revisions"}],"predecessor-version":[{"id":11462,"href":"https:\/\/podernacional.com\/index.php?rest_route=\/wp\/v2\/posts\/11461\/revisions\/11462"}],"wp:featuredmedia":[{"embeddable":true,"href":"https:\/\/podernacional.com\/index.php?rest_route=\/wp\/v2\/media\/11463"}],"wp:attachment":[{"href":"https:\/\/podernacional.com\/index.php?rest_route=%2Fwp%2Fv2%2Fmedia&parent=11461"}],"wp:term":[{"taxonomy":"category","embeddable":true,"href":"https:\/\/podernacional.com\/index.php?rest_route=%2Fwp%2Fv2%2Fcategories&post=11461"},{"taxonomy":"post_tag","embeddable":true,"href":"https:\/\/podernacional.com\/index.php?rest_route=%2Fwp%2Fv2%2Ftags&post=11461"}],"curies":[{"name":"wp","href":"https:\/\/api.w.org\/{rel}","templated":true}]}}