{"id":11488,"date":"2023-01-07T17:28:10","date_gmt":"2023-01-07T22:28:10","guid":{"rendered":"https:\/\/podernacional.com\/?p=11488"},"modified":"2023-01-07T22:28:12","modified_gmt":"2023-01-07T22:28:12","slug":"concluye-con-exito-el-festival-navideno","status":"publish","type":"post","link":"https:\/\/podernacional.com\/?p=11488","title":{"rendered":"Concluye con \u00e9xito el Festival Navide\u00f1o"},"content":{"rendered":"<h4>Cerr\u00f3 con la asistencia de m\u00e1s de mill\u00f3n y medio de visitantes y ganancias de 500 mdp<\/h4>\n<p>Festival Navide\u00f1o: Tras 39 d\u00edas de evento, este viernes concluy\u00f3 con \u00e9xito el Festival Navide\u00f1o que se llev\u00f3 a cabo en las instalaciones.<\/p>\n<p>Esto de la Feria Nacional Potosina (Fenapo).<\/p>\n<p>As\u00ed como con m\u00e1s de un mill\u00f3n y medio de visitantes, cumpliendo as\u00ed con el compromiso del Gobernador de San Luis Potos\u00ed.<\/p>\n<p>El cual Ricardo Gallardo Cardona, de abrir espacios de sano esparcimiento en el Estado, darle vida al recinto ferial durante todo el a\u00f1o.<\/p>\n<p>As\u00ed como de generar oportunidades de crecimiento econ\u00f3mico para la entidad.<\/p>\n<p>El presidente del patronato, Luis Antonio Zamudio Mart\u00ednez, coment\u00f3 que:<\/p>\n<p>\u201cFue un evento sin precedentes desde el primer d\u00eda con la presentaci\u00f3n de JBalvin\u201d.<\/p>\n<p>\u201cAs\u00ed que en su totalidad gener\u00f3 una derrama econ\u00f3mica de aproximadamente 500 millones de pesos, que impuls\u00f3 las ventas de los expositores en estas fechas\u201d.<\/p>\n<h4>Afirm\u00f3 que se logr\u00f3 una afluencia que anteriores administraciones lograban solo con la feria durante su celebraci\u00f3n en agosto.<\/h4>\n<p>Adem\u00e1s de que \u00abfueron semanas de ver familias que ven\u00edan a distraerse, a tomarse fotos, a patinar.<\/p>\n<p>Un evento que sin duda se repetir\u00e1 en 2023 y seguiremos planeando continuar con festivales y festejos en nuestras instalaciones\u00bb, agreg\u00f3.<\/p>\n<p>La pista de hielo y tobog\u00e1n gigante tuvo una asistencia de m\u00e1s de 50 mil personas, una actividad que disfrutaron familias completas sin costo.<\/p>\n<p>Adem\u00e1s que al igual que las instalaciones, el \u00e1rbol monumental y las fuentes bailarinas.<\/p>\n<p>As\u00ed como de actividades que asombraron a quienes visitaron el recinto desde diversos puntos de la Rep\u00fablica Mexicana.<\/p>\n<p>Se cont\u00f3 tambi\u00e9n con juegos mec\u00e1nicos, presentaciones musicales, show de personajes y foto con ellos, la presencia de Santa Claus.<\/p>\n<p>Adem\u00e1s de los Reyes Magos para hacerles peticiones de regalos, as\u00ed como t\u00faneles musicales llenos de luces. Comerciantes locales y artesanos.<\/p>\n<p>El evento de clausura se llev\u00f3 a cabo con la presentaci\u00f3n de Oscar Torres y sus Norte\u00f1os.<\/p>\n<p>As\u00ed como de quienes donaron 200 roscas para que las familias que visitaron el festival pudieran llevarlas a sus casas.<\/p>\n","protected":false},"excerpt":{"rendered":"<p>Cerr\u00f3 con la asistencia de m\u00e1s de mill\u00f3n y medio de visitantes y ganancias de 500 mdp Festival Navide\u00f1o: Tras 39 d\u00edas de evento, este viernes concluy\u00f3 con \u00e9xito el Festival Navide\u00f1o que se llev\u00f3 a cabo en las instalaciones. Esto de la Feria Nacional Potosina (Fenapo). As\u00ed como con m\u00e1s de un mill\u00f3n y [&hellip;]<\/p>\n","protected":false},"author":1,"featured_media":11490,"comment_status":"open","ping_status":"closed","sticky":false,"template":"","format":"standard","meta":{"footnotes":""},"categories":[2],"tags":[],"class_list":["post-11488","post","type-post","status-publish","format-standard","has-post-thumbnail","hentry","category-cultural"],"_links":{"self":[{"href":"https:\/\/podernacional.com\/index.php?rest_route=\/wp\/v2\/posts\/11488","targetHints":{"allow":["GET"]}}],"collection":[{"href":"https:\/\/podernacional.com\/index.php?rest_route=\/wp\/v2\/posts"}],"about":[{"href":"https:\/\/podernacional.com\/index.php?rest_route=\/wp\/v2\/types\/post"}],"author":[{"embeddable":true,"href":"https:\/\/podernacional.com\/index.php?rest_route=\/wp\/v2\/users\/1"}],"replies":[{"embeddable":true,"href":"https:\/\/podernacional.com\/index.php?rest_route=%2Fwp%2Fv2%2Fcomments&post=11488"}],"version-history":[{"count":1,"href":"https:\/\/podernacional.com\/index.php?rest_route=\/wp\/v2\/posts\/11488\/revisions"}],"predecessor-version":[{"id":11489,"href":"https:\/\/podernacional.com\/index.php?rest_route=\/wp\/v2\/posts\/11488\/revisions\/11489"}],"wp:featuredmedia":[{"embeddable":true,"href":"https:\/\/podernacional.com\/index.php?rest_route=\/wp\/v2\/media\/11490"}],"wp:attachment":[{"href":"https:\/\/podernacional.com\/index.php?rest_route=%2Fwp%2Fv2%2Fmedia&parent=11488"}],"wp:term":[{"taxonomy":"category","embeddable":true,"href":"https:\/\/podernacional.com\/index.php?rest_route=%2Fwp%2Fv2%2Fcategories&post=11488"},{"taxonomy":"post_tag","embeddable":true,"href":"https:\/\/podernacional.com\/index.php?rest_route=%2Fwp%2Fv2%2Ftags&post=11488"}],"curies":[{"name":"wp","href":"https:\/\/api.w.org\/{rel}","templated":true}]}}