{"id":115,"date":"2020-06-02T23:28:22","date_gmt":"2020-06-02T23:28:22","guid":{"rendered":"http:\/\/whatsappcancun.com\/?p=115"},"modified":"2020-06-02T23:28:22","modified_gmt":"2020-06-02T23:28:22","slug":"espacios-deportivos-de-cancun-continuaran-cerrados-pese-a-la-nueva-normalidad","status":"publish","type":"post","link":"https:\/\/podernacional.com\/?p=115","title":{"rendered":"Espacios deportivos de Canc\u00fan continuar\u00e1n cerrados pese a la \u201cNueva Normalidad\u201d"},"content":{"rendered":"\n<h2 class=\"wp-block-heading\">Parques y espacios deportivos en Canc\u00fan, abrir\u00edan hasta que el sem\u00e1foro de la \u201cNueva Normalidad\u201d est\u00e9 en colore verde<\/h2>\n\n\n\n<p>Canc\u00fan.- Pese a que concluy\u00f3 la jornada de&nbsp;<strong>\u201cSana Distancia<\/strong>\u201d, el Ayuntamiento de Benito Ju\u00e1rez a trav\u00e9s del&nbsp;<strong>Instituto Municipal del Deporte&nbsp;<\/strong>(IMD), inform\u00f3 que permanecer\u00e1n c<strong>errados todas las unidades deportivas, parques, gimnasios, canchas y otros espacios deportivos de la ciudad,<\/strong>&nbsp;hasta nuevo aviso.<\/p>\n\n\n\n<p>La dependencia inform\u00f3 a trav\u00e9s de sus redes sociales que ya se est\u00e1 trabajando para la realizaci\u00f3n de u<strong>n protocolo para el uso adecuado de estos espacios en esta \u201cNueva Normalidad\u201d.<\/strong><\/p>\n\n\n\n<p>\u201c<strong><em>Se informa que toda esta semana estamos en fase de m\u00e1xima seguridad, por lo que no habr\u00e1 apertura de unidades deportivas y\/o canchas, se le pide a la ciudadan\u00eda no hacer uso de espacios p\u00fablicos y seguir con las medidas de prevenci\u00f3n<\/em><\/strong>\u201d, fue lo que se public\u00f3 en la pagina oficial del Instituto Municipal del Deporte.<\/p>\n\n\n\n<p>El texto se\u00f1ala que aunque inicio la jornada de la nueva normalidad, est\u00e1n a la espera de que las autoridades de salud&nbsp;<strong><em>\u201cden luz verde\u201d para abrir estos espacios<\/em><\/strong>\u201c. Esto debido a que en Canc\u00fan y en todo Quintana Roo contin\u00faa el sem\u00e1foro rojo debido al alto n\u00famero de contagios.<\/p>\n\n\n\n<p>Finalmente, la dependencia invit\u00f3 a que sigan la actualizaci\u00f3n de la informaci\u00f3n en fuentes oficiales y que se mantengan activos haciendo ejercicio desde casa.<\/p>\n","protected":false},"excerpt":{"rendered":"<p>Parques y espacios deportivos en Canc\u00fan, abrir\u00edan hasta que el sem\u00e1foro de la \u201cNueva Normalidad\u201d est\u00e9 en colore verde Canc\u00fan.- Pese a que concluy\u00f3 la jornada de&nbsp;\u201cSana Distancia\u201d, el Ayuntamiento de Benito Ju\u00e1rez a trav\u00e9s del&nbsp;Instituto Municipal del Deporte&nbsp;(IMD), inform\u00f3 que permanecer\u00e1n cerrados todas las unidades deportivas, parques, gimnasios, canchas y otros espacios deportivos de [&hellip;]<\/p>\n","protected":false},"author":1,"featured_media":116,"comment_status":"open","ping_status":"open","sticky":false,"template":"","format":"standard","meta":{"footnotes":""},"categories":[12],"tags":[],"class_list":["post-115","post","type-post","status-publish","format-standard","has-post-thumbnail","hentry","category-sin-categoria"],"_links":{"self":[{"href":"https:\/\/podernacional.com\/index.php?rest_route=\/wp\/v2\/posts\/115","targetHints":{"allow":["GET"]}}],"collection":[{"href":"https:\/\/podernacional.com\/index.php?rest_route=\/wp\/v2\/posts"}],"about":[{"href":"https:\/\/podernacional.com\/index.php?rest_route=\/wp\/v2\/types\/post"}],"author":[{"embeddable":true,"href":"https:\/\/podernacional.com\/index.php?rest_route=\/wp\/v2\/users\/1"}],"replies":[{"embeddable":true,"href":"https:\/\/podernacional.com\/index.php?rest_route=%2Fwp%2Fv2%2Fcomments&post=115"}],"version-history":[{"count":0,"href":"https:\/\/podernacional.com\/index.php?rest_route=\/wp\/v2\/posts\/115\/revisions"}],"wp:featuredmedia":[{"embeddable":true,"href":"https:\/\/podernacional.com\/index.php?rest_route=\/wp\/v2\/media\/116"}],"wp:attachment":[{"href":"https:\/\/podernacional.com\/index.php?rest_route=%2Fwp%2Fv2%2Fmedia&parent=115"}],"wp:term":[{"taxonomy":"category","embeddable":true,"href":"https:\/\/podernacional.com\/index.php?rest_route=%2Fwp%2Fv2%2Fcategories&post=115"},{"taxonomy":"post_tag","embeddable":true,"href":"https:\/\/podernacional.com\/index.php?rest_route=%2Fwp%2Fv2%2Ftags&post=115"}],"curies":[{"name":"wp","href":"https:\/\/api.w.org\/{rel}","templated":true}]}}