{"id":11512,"date":"2023-01-08T11:12:39","date_gmt":"2023-01-08T16:12:39","guid":{"rendered":"https:\/\/podernacional.com\/?p=11512"},"modified":"2023-01-08T16:12:58","modified_gmt":"2023-01-08T16:12:58","slug":"fallece-la-segunda-menor-mordida-por-un-murcielago","status":"publish","type":"post","link":"https:\/\/podernacional.com\/?p=11512","title":{"rendered":"Fallece la segunda menor mordida por un murci\u00e9lago"},"content":{"rendered":"<p>Autoridades del Gobierno del Estado de Oaxaca confirmaron el deceso de la menor de 8 a\u00f1os de edad que estaba recibiendo atenci\u00f3n m\u00e9dica por la mordedura de un murci\u00e9lago.<br \/>\nDe acuerdo con los reportes, ella es la segunda menor que muere en dichas circunstancias. El pasado 28 de diciembre muri\u00f3 un menor de 7 a\u00f1os de edad, quien era hermano de la ni\u00f1a que muri\u00f3 este s\u00e1bado.<br \/>\nLa menor es originaria de la localidad de Palo de Lima, en el municipio de San Lorenzo Texmel\u00facan, en la Sierra Sur de Oaxaca.<br \/>\nDe acuerdo con la informaci\u00f3n de la Agencia Quadrat\u00edn, la paciente ingres\u00f3 a la instituci\u00f3n m\u00e9dica el pasado 21 de diciembre del 2022, al presentar complicaciones a la salud tras sufrir mordedura de un animal silvestre, por lo que fue internada y valorada por las especialidades de infectolog\u00eda, pediatr\u00eda y neurolog\u00eda, con diagn\u00f3stico en estado de gravedad.<br \/>\nDurante su estancia en el centro m\u00e9dico, un grupo de especialistas multidisciplinario estuvieron al pendiente en todo momento de la evoluci\u00f3n de la paciente.<br \/>\nSin embargo, el estado de salud que presentaba da\u00f1o irreparable provoc\u00f3 el lamentable deceso de la menor de edad.<br \/>\nEl Instituto de Diagn\u00f3stico y Referencia Epidemiol\u00f3gicos (Indre) confirm\u00f3 el diagn\u00f3stico en el paciente de 7 a\u00f1os de edad, cuya causa de muerte fue la rabia contra\u00edda a partir de la mordedura de un murci\u00e9lago.<br \/>\nEn la menor de 8 a\u00f1os estar\u00e1 pendiente el resultado de dicho an\u00e1lisis.<br \/>\nMientras tanto, el gobierno de Oaxaca continu\u00f3 diversas tareas en la comunidad de Palo de Lima, donde no han detectado alg\u00fan otro caso de personas con s\u00edntomas que requieran atenci\u00f3n.<\/p>\n","protected":false},"excerpt":{"rendered":"<p>Autoridades del Gobierno del Estado de Oaxaca confirmaron el deceso de la menor de 8 a\u00f1os de edad que estaba recibiendo atenci\u00f3n m\u00e9dica por la mordedura de un murci\u00e9lago. De acuerdo con los reportes, ella es la segunda menor que muere en dichas circunstancias. El pasado 28 de diciembre muri\u00f3 un menor de 7 a\u00f1os [&hellip;]<\/p>\n","protected":false},"author":1,"featured_media":11514,"comment_status":"open","ping_status":"closed","sticky":false,"template":"","format":"standard","meta":{"footnotes":""},"categories":[7],"tags":[],"class_list":["post-11512","post","type-post","status-publish","format-standard","has-post-thumbnail","hentry","category-nacional"],"_links":{"self":[{"href":"https:\/\/podernacional.com\/index.php?rest_route=\/wp\/v2\/posts\/11512","targetHints":{"allow":["GET"]}}],"collection":[{"href":"https:\/\/podernacional.com\/index.php?rest_route=\/wp\/v2\/posts"}],"about":[{"href":"https:\/\/podernacional.com\/index.php?rest_route=\/wp\/v2\/types\/post"}],"author":[{"embeddable":true,"href":"https:\/\/podernacional.com\/index.php?rest_route=\/wp\/v2\/users\/1"}],"replies":[{"embeddable":true,"href":"https:\/\/podernacional.com\/index.php?rest_route=%2Fwp%2Fv2%2Fcomments&post=11512"}],"version-history":[{"count":1,"href":"https:\/\/podernacional.com\/index.php?rest_route=\/wp\/v2\/posts\/11512\/revisions"}],"predecessor-version":[{"id":11513,"href":"https:\/\/podernacional.com\/index.php?rest_route=\/wp\/v2\/posts\/11512\/revisions\/11513"}],"wp:featuredmedia":[{"embeddable":true,"href":"https:\/\/podernacional.com\/index.php?rest_route=\/wp\/v2\/media\/11514"}],"wp:attachment":[{"href":"https:\/\/podernacional.com\/index.php?rest_route=%2Fwp%2Fv2%2Fmedia&parent=11512"}],"wp:term":[{"taxonomy":"category","embeddable":true,"href":"https:\/\/podernacional.com\/index.php?rest_route=%2Fwp%2Fv2%2Fcategories&post=11512"},{"taxonomy":"post_tag","embeddable":true,"href":"https:\/\/podernacional.com\/index.php?rest_route=%2Fwp%2Fv2%2Ftags&post=11512"}],"curies":[{"name":"wp","href":"https:\/\/api.w.org\/{rel}","templated":true}]}}