{"id":1152,"date":"2020-08-31T20:56:24","date_gmt":"2020-08-31T20:56:24","guid":{"rendered":"http:\/\/whatsappcancun.com\/?p=1152"},"modified":"2020-08-31T20:56:24","modified_gmt":"2020-08-31T20:56:24","slug":"nina-de-3-anos-vuela-al-enredarse-con-un-cometa-video","status":"publish","type":"post","link":"https:\/\/podernacional.com\/?p=1152","title":{"rendered":"Ni\u00f1a de 3 a\u00f1os \u201cvuela\u201d al enredarse con un cometa (+video)"},"content":{"rendered":"\n<p>Ni\u00f1a de 3 a\u00f1os vivi\u00f3 momentos de angustia junto a su familia, luego de quedar atrapada entre las cuerdas de un cometa y ser elevada al cielo por los fuertes vientos, sin ninguna medida de protecci\u00f3n.<\/p>\n\n\n\n<p>La peque\u00f1a, cuya identidad no se revel\u00f3, estaba en un conocido festival de cometas en Taiw\u00e1n, en la ciudad costera de Nanlioao.<\/p>\n\n\n\n<p>A trav\u00e9s de las redes sociales, los participantes del evento registraron el momento en el que un grupo de personas estaban estirando el cometa para ser alzado; sin embargo, sin tomar en cuenta o alertarse de la presencia de la ni\u00f1a, las personas soltaron el papalote.<\/p>\n\n\n\n<figure class=\"wp-block-embed-youtube wp-block-embed is-type-video is-provider-youtube wp-embed-aspect-16-9 wp-has-aspect-ratio\"><div class=\"wp-block-embed__wrapper\">\nhttps:\/\/youtu.be\/pMPz92x75iw\n<\/div><\/figure>\n\n\n\n<p>La menor de edad subi\u00f3 con el cometa, quedando atrapada en la cola de \u00e9ste. En ese momento, muchos estaban desesperados y espantados al ver el momento por el que estaba pasando la ni\u00f1a.<\/p>\n\n\n\n<h2 class=\"wp-block-heading\">Ni\u00f1a de 3 a\u00f1os \u201cvuela\u201d al enredarse con un cometa; no sufri\u00f3 lesiones f\u00edsicas<\/h2>\n\n\n\n<figure class=\"wp-block-embed-youtube wp-block-embed is-type-video is-provider-youtube wp-embed-aspect-16-9 wp-has-aspect-ratio\"><div class=\"wp-block-embed__wrapper\">\n<iframe loading=\"lazy\" title=\"Taiwan kite accident 20200830 girl hang to the sky\" width=\"640\" height=\"360\" src=\"https:\/\/www.youtube.com\/embed\/42VZl4PAZfE?feature=oembed\" frameborder=\"0\" allow=\"accelerometer; autoplay; clipboard-write; encrypted-media; gyroscope; picture-in-picture; web-share\" referrerpolicy=\"strict-origin-when-cross-origin\" allowfullscreen><\/iframe>\n<\/div><\/figure>\n\n\n\n<p>Fueron varios segundos en el que la peque\u00f1a estuvo colgada al cometa, sin que se soltara mientras el viento elevaba y mov\u00eda a\u00fan m\u00e1s el juguete vol\u00e1til.<\/p>\n\n\n\n<p>Los informes noticiosos dijeron que la peque\u00f1a estaba asustada, pero que no sufri\u00f3 lesiones f\u00edsicas.<\/p>\n","protected":false},"excerpt":{"rendered":"<p>Ni\u00f1a de 3 a\u00f1os vivi\u00f3 momentos de angustia junto a su familia, luego de quedar atrapada entre las cuerdas de un cometa y ser elevada al cielo por los fuertes vientos, sin ninguna medida de protecci\u00f3n. La peque\u00f1a, cuya identidad no se revel\u00f3, estaba en un conocido festival de cometas en Taiw\u00e1n, en la ciudad [&hellip;]<\/p>\n","protected":false},"author":1,"featured_media":1153,"comment_status":"open","ping_status":"open","sticky":false,"template":"","format":"standard","meta":{"footnotes":""},"categories":[5],"tags":[],"class_list":["post-1152","post","type-post","status-publish","format-standard","has-post-thumbnail","hentry","category-internacional"],"_links":{"self":[{"href":"https:\/\/podernacional.com\/index.php?rest_route=\/wp\/v2\/posts\/1152","targetHints":{"allow":["GET"]}}],"collection":[{"href":"https:\/\/podernacional.com\/index.php?rest_route=\/wp\/v2\/posts"}],"about":[{"href":"https:\/\/podernacional.com\/index.php?rest_route=\/wp\/v2\/types\/post"}],"author":[{"embeddable":true,"href":"https:\/\/podernacional.com\/index.php?rest_route=\/wp\/v2\/users\/1"}],"replies":[{"embeddable":true,"href":"https:\/\/podernacional.com\/index.php?rest_route=%2Fwp%2Fv2%2Fcomments&post=1152"}],"version-history":[{"count":0,"href":"https:\/\/podernacional.com\/index.php?rest_route=\/wp\/v2\/posts\/1152\/revisions"}],"wp:featuredmedia":[{"embeddable":true,"href":"https:\/\/podernacional.com\/index.php?rest_route=\/wp\/v2\/media\/1153"}],"wp:attachment":[{"href":"https:\/\/podernacional.com\/index.php?rest_route=%2Fwp%2Fv2%2Fmedia&parent=1152"}],"wp:term":[{"taxonomy":"category","embeddable":true,"href":"https:\/\/podernacional.com\/index.php?rest_route=%2Fwp%2Fv2%2Fcategories&post=1152"},{"taxonomy":"post_tag","embeddable":true,"href":"https:\/\/podernacional.com\/index.php?rest_route=%2Fwp%2Fv2%2Ftags&post=1152"}],"curies":[{"name":"wp","href":"https:\/\/api.w.org\/{rel}","templated":true}]}}