{"id":11536,"date":"2023-01-09T14:08:33","date_gmt":"2023-01-09T19:08:33","guid":{"rendered":"https:\/\/podernacional.com\/?p=11536"},"modified":"2023-01-09T19:08:53","modified_gmt":"2023-01-09T19:08:53","slug":"llovera-fuerte-en-quintana-roo-de-acuerdo-con-el-smn","status":"publish","type":"post","link":"https:\/\/podernacional.com\/?p=11536","title":{"rendered":"Llover\u00e1 fuerte en Quintana Roo, de acuerdo con el SMN"},"content":{"rendered":"<p>Este d\u00eda, el frente n\u00famero 22 se mantendr\u00e1 con caracter\u00edsticas de estacionario sobre el noreste del territorio nacional, y en interacci\u00f3n con la corriente en chorro subtropical, ocasionar\u00e1n lluvias y chubascos, descargas el\u00e9ctricas y bancos de niebla en la regi\u00f3n mencionada; dicho frente dejar\u00e1 de afectar al final de este d\u00eda.<\/p>\n<p>Por otra parte, canales de baja presi\u00f3n sobre el sureste de la Rep\u00fablica Mexicana y la Pen\u00ednsula de Yucat\u00e1n, adem\u00e1s de la entrada de humedad del Oc\u00e9ano Pac\u00edfico, Golfo de M\u00e9xico y Mar Caribe, originar\u00e1n lluvias puntuales fuertes y descargas el\u00e9ctricas en Veracruz, Oaxaca, Chiapas, Tabasco y Quintana Roo.<\/p>\n<p>Adem\u00e1s, lluvias con chubascos y posibles descargas el\u00e9ctricas en zonas del occidente, centro y sur de M\u00e9xico, as\u00ed como en Campeche y Yucat\u00e1n.<\/p>\n<p>La aproximaci\u00f3n de una vaguada polar al noroeste del pa\u00eds, propiciar\u00e1 lluvias aisladas, as\u00ed como rachas de viento de hasta 50 kil\u00f3metros por hora (km\/h) en Baja California.<\/p>\n<p>Finalmente, se mantendr\u00e1 el ambiente fr\u00edo a muy fr\u00edo con heladas durante la madrugada en zonas de la Mesa del Norte y la Mesa Central, adem\u00e1s de bancos de niebla sobre la Sierra Madre Oriental, centro y sureste mexicano.<\/p>\n<p>En la Pen\u00ednsula de Yucat\u00e1n, el cielo estar\u00e1 medio nublado a nublado durante el d\u00eda, con lluvias puntuales fuertes en Quintana Roo, as\u00ed como chubascos en Campeche y Yucat\u00e1n, todas con descargas el\u00e9ctricas.<\/p>\n<p>Por la ma\u00f1ana, el ambiente ser\u00e1 templado y durante la tarde c\u00e1lido a caluroso en zonas de Campeche y Yucat\u00e1n, con viento del noreste de 20 a 35 km\/h en la regi\u00f3n con rachas de 40 km\/h en zonas costeras.<\/p>\n","protected":false},"excerpt":{"rendered":"<p>Este d\u00eda, el frente n\u00famero 22 se mantendr\u00e1 con caracter\u00edsticas de estacionario sobre el noreste del territorio nacional, y en interacci\u00f3n con la corriente en chorro subtropical, ocasionar\u00e1n lluvias y chubascos, descargas el\u00e9ctricas y bancos de niebla en la regi\u00f3n mencionada; dicho frente dejar\u00e1 de afectar al final de este d\u00eda. Por otra parte, canales [&hellip;]<\/p>\n","protected":false},"author":1,"featured_media":11538,"comment_status":"open","ping_status":"closed","sticky":false,"template":"","format":"standard","meta":{"footnotes":""},"categories":[10],"tags":[],"class_list":["post-11536","post","type-post","status-publish","format-standard","has-post-thumbnail","hentry","category-quintana-roo"],"_links":{"self":[{"href":"https:\/\/podernacional.com\/index.php?rest_route=\/wp\/v2\/posts\/11536","targetHints":{"allow":["GET"]}}],"collection":[{"href":"https:\/\/podernacional.com\/index.php?rest_route=\/wp\/v2\/posts"}],"about":[{"href":"https:\/\/podernacional.com\/index.php?rest_route=\/wp\/v2\/types\/post"}],"author":[{"embeddable":true,"href":"https:\/\/podernacional.com\/index.php?rest_route=\/wp\/v2\/users\/1"}],"replies":[{"embeddable":true,"href":"https:\/\/podernacional.com\/index.php?rest_route=%2Fwp%2Fv2%2Fcomments&post=11536"}],"version-history":[{"count":1,"href":"https:\/\/podernacional.com\/index.php?rest_route=\/wp\/v2\/posts\/11536\/revisions"}],"predecessor-version":[{"id":11537,"href":"https:\/\/podernacional.com\/index.php?rest_route=\/wp\/v2\/posts\/11536\/revisions\/11537"}],"wp:featuredmedia":[{"embeddable":true,"href":"https:\/\/podernacional.com\/index.php?rest_route=\/wp\/v2\/media\/11538"}],"wp:attachment":[{"href":"https:\/\/podernacional.com\/index.php?rest_route=%2Fwp%2Fv2%2Fmedia&parent=11536"}],"wp:term":[{"taxonomy":"category","embeddable":true,"href":"https:\/\/podernacional.com\/index.php?rest_route=%2Fwp%2Fv2%2Fcategories&post=11536"},{"taxonomy":"post_tag","embeddable":true,"href":"https:\/\/podernacional.com\/index.php?rest_route=%2Fwp%2Fv2%2Ftags&post=11536"}],"curies":[{"name":"wp","href":"https:\/\/api.w.org\/{rel}","templated":true}]}}