{"id":11545,"date":"2023-01-09T18:50:48","date_gmt":"2023-01-09T23:50:48","guid":{"rendered":"https:\/\/podernacional.com\/?p=11545"},"modified":"2023-01-09T23:50:49","modified_gmt":"2023-01-09T23:50:49","slug":"concluye-con-exito-festival-luces-de-esperanza","status":"publish","type":"post","link":"https:\/\/podernacional.com\/?p=11545","title":{"rendered":"Concluye con \u00e9xito Festival Luces de Esperanza"},"content":{"rendered":"<h4>La derrama econ\u00f3mica fue de aproximadamente 25 millones de pesos y una afluencia total de 243 mil visitantes<\/h4>\n<p>Festival Luces de Esperanza: Autoridades de la Secretar\u00eda de Turismo y Cultura (STyC) informaron que el Festival Luces de Esperanza concluy\u00f3 con gran \u00e9xito.<\/p>\n<p>As\u00ed\u00a0ya que de acuerdo con datos del Observatorio Tur\u00edstico.<\/p>\n<p>El cual\u00a0registr\u00f3 una afluencia total de 243 mil visitantes y una derrama econ\u00f3mica aproximada de 25 millones de pesos.<\/p>\n<p>Al respecto, Julieta Goldzweig Cornejo, titular de la STyC, detall\u00f3 que este Festival realizado del pasado 01 de diciembre al 06 de enero del 2023.<\/p>\n<p>Esto\u00a0en coordinaci\u00f3n con el Sistema DIF Morelos, se ha convertido en un importante evento tradicional que re\u00fane tanto a la sociedad morelense.<\/p>\n<p>As\u00ed como a turistas que llegan a la entidad durante la temporada decembrina, logrando impactar positivamente en diversos sectores.<\/p>\n<p>Goldzweig Cornejo, reconoci\u00f3 el apoyo, sensibilidad y disposici\u00f3n de Nat\u00e1lia Rezende Moreira, presidenta del Sistema DIF Morelos.<\/p>\n<p>Al igual que\u00a0para que este evento tuviera todos los elementos e infraestructura necesarios logrando con su colorida y bella instalaci\u00f3n.<\/p>\n<p>Adem\u00e1s\u00a0del pleno disfrute de las familias de Morelos y otros estados del pa\u00eds que pasaron en este espacio momentos de sano esparcimiento gratuito.<\/p>\n<h4>As\u00ed como de\u00a0accesible para todos los sectores.<\/h4>\n<p>Por su parte, Abdiel Guerrero Rojas, coordinador de Desarrollo Tur\u00edstico.<\/p>\n<p>Al igual de que precis\u00f3 que tambi\u00e9n se cont\u00f3 con la colaboraci\u00f3n del Fideicomiso Turismo Morelos (Fitur).<\/p>\n<p>As\u00ed como\u00a0el Fideicomiso Ejecutivo del Fondo de Competitividad y Promoci\u00f3n del Empleo (Fidecomp).<\/p>\n<p>Adem\u00e1s de lo que comprueba que el trabajo interinstitucional genera \u00f3ptimos resultados para el desarrollo del estado.<\/p>\n<p>Guerrero Rojas enfatiz\u00f3 que hubo un sensible crecimiento en el impacto y beneficio que este evento tuvo en relaci\u00f3n con el a\u00f1o anterior.<\/p>\n<p>Al igual de\u00a0por lo que en funci\u00f3n de estos resultados.<\/p>\n<p>Adem\u00e1s de que\u00a0se tiene proyectado que se convierta en uno de los festivales m\u00e1s importantes del a\u00f1o en Morelos.<\/p>\n<p>Esto\u00a0junto con el Festival Miquixtli, y que ambos se consoliden como referencia nacional del binomio turismo-cultura que impulsa el gobernador Cuauht\u00e9moc Blanco Bravo.<\/p>\n","protected":false},"excerpt":{"rendered":"<p>La derrama econ\u00f3mica fue de aproximadamente 25 millones de pesos y una afluencia total de 243 mil visitantes Festival Luces de Esperanza: Autoridades de la Secretar\u00eda de Turismo y Cultura (STyC) informaron que el Festival Luces de Esperanza concluy\u00f3 con gran \u00e9xito. As\u00ed\u00a0ya que de acuerdo con datos del Observatorio Tur\u00edstico. El cual\u00a0registr\u00f3 una afluencia [&hellip;]<\/p>\n","protected":false},"author":1,"featured_media":11547,"comment_status":"open","ping_status":"closed","sticky":false,"template":"","format":"standard","meta":{"footnotes":""},"categories":[2],"tags":[],"class_list":["post-11545","post","type-post","status-publish","format-standard","has-post-thumbnail","hentry","category-cultural"],"_links":{"self":[{"href":"https:\/\/podernacional.com\/index.php?rest_route=\/wp\/v2\/posts\/11545","targetHints":{"allow":["GET"]}}],"collection":[{"href":"https:\/\/podernacional.com\/index.php?rest_route=\/wp\/v2\/posts"}],"about":[{"href":"https:\/\/podernacional.com\/index.php?rest_route=\/wp\/v2\/types\/post"}],"author":[{"embeddable":true,"href":"https:\/\/podernacional.com\/index.php?rest_route=\/wp\/v2\/users\/1"}],"replies":[{"embeddable":true,"href":"https:\/\/podernacional.com\/index.php?rest_route=%2Fwp%2Fv2%2Fcomments&post=11545"}],"version-history":[{"count":1,"href":"https:\/\/podernacional.com\/index.php?rest_route=\/wp\/v2\/posts\/11545\/revisions"}],"predecessor-version":[{"id":11546,"href":"https:\/\/podernacional.com\/index.php?rest_route=\/wp\/v2\/posts\/11545\/revisions\/11546"}],"wp:featuredmedia":[{"embeddable":true,"href":"https:\/\/podernacional.com\/index.php?rest_route=\/wp\/v2\/media\/11547"}],"wp:attachment":[{"href":"https:\/\/podernacional.com\/index.php?rest_route=%2Fwp%2Fv2%2Fmedia&parent=11545"}],"wp:term":[{"taxonomy":"category","embeddable":true,"href":"https:\/\/podernacional.com\/index.php?rest_route=%2Fwp%2Fv2%2Fcategories&post=11545"},{"taxonomy":"post_tag","embeddable":true,"href":"https:\/\/podernacional.com\/index.php?rest_route=%2Fwp%2Fv2%2Ftags&post=11545"}],"curies":[{"name":"wp","href":"https:\/\/api.w.org\/{rel}","templated":true}]}}