{"id":11548,"date":"2023-01-09T19:03:34","date_gmt":"2023-01-10T00:03:34","guid":{"rendered":"https:\/\/podernacional.com\/?p=11548"},"modified":"2023-01-10T00:03:36","modified_gmt":"2023-01-10T00:03:36","slug":"el-festival-australiano-de-elvis-sigue-siendo-fantastico-despues-de-30-anos","status":"publish","type":"post","link":"https:\/\/podernacional.com\/?p=11548","title":{"rendered":"El festival australiano de Elvis sigue siendo &#8216;fant\u00e1stico&#8217; despu\u00e9s de 30 a\u00f1os"},"content":{"rendered":"<h4>Personas que visten trajes inspirados en Elvis Presley participan en el desfile del Festival Parkes Elvis en Parkes, Australia, el 7 de enero de 2023.<\/h4>\n<p>El festival australiano de Elvis: El festival, a 350 km al noroeste de Sydney, se lleva a cabo cada a\u00f1o a principios de enero, con unos 24.000 aficionados.<\/p>\n<p>Los cuales est\u00e1n\u00a0llegando a la ciudad que normalmente alberga a unas 14.000 personas.<\/p>\n<p>Cientos de imitadores de Elvis Presley desfilaron por la calle principal de Parkes el s\u00e1bado.<\/p>\n<p>Adem\u00e1s que\u00a0cuando la ciudad rural australiana celebr\u00f3 sus 30 a\u00f1os como anfitriona de una gala en homenaje a Elvis.<\/p>\n<p>El cual\u00a0se ha convertido en uno de los festivales m\u00e1s grandes del pa\u00eds.<\/p>\n<p>\u00abEs fant\u00e1stico\u00bb, dijo Bob Steele, quien fund\u00f3 el festival con su esposa Anne.<\/p>\n<p>Esto despu\u00e9s de una cena en la que los invitados terminaron cantando canciones de Elvis hasta bien entrada la noche.<\/p>\n<p>\u00abImag\u00ednese llegar a los 30 a\u00f1os con un festival, estamos muy contentos con \u00e9l\u00bb.<\/p>\n<h4>Adem\u00e1s de los actos de tributo a Elvis, el gran espect\u00e1culo, programado para coincidir con el cumplea\u00f1os de &#8216;El Rey&#8217;.<\/h4>\n<p>El cual incluye exhibiciones de arte y fotograf\u00eda de Elvis, lecciones de baile de rock and roll y noches de trivia de Elvis.<\/p>\n<p>Si bien Parkes ahora se conoce como la capital de Elvis en Australia, Steele dijo que algunos lugare\u00f1os inicialmente se mostraron esc\u00e9pticos sobre el evento.<\/p>\n<p>\u00abRecuerdo haber le\u00eddo las cartas de diferentes personas que escribieron en el peri\u00f3dico diciendo, &#8216;\u00bfpor qu\u00e9 honrar\u00edamos a un estadounidense?&#8217;<\/p>\n<p>Pero pueden ver que eso es bastante tonto ahora, todos est\u00e1n muy contentos por eso en estos d\u00edas\u00bb, dijo a Reuters.<\/p>\n<p>El desfile del s\u00e1bado, cl\u00edmax del festival de cinco d\u00edas que cierra el domingo, ver a los participantes vestidos con pelucas de color negro azabache.<\/p>\n<p>As\u00ed como de\u00a0monos enjoyados que se abr\u00edan paso por la calle principal.<\/p>\n<p>Otros imitadores se unieron a la colorida procesi\u00f3n en autos antiguos.<\/p>\n<p>El asistente por primera vez, Carl Upton, quien hizo el viaje despu\u00e9s de comprar un autom\u00f3vil antiguo.<\/p>\n<p>As\u00ed como de\u00a0descubrir que era dos veces ganador del premio del festival, describi\u00f3 la ocasi\u00f3n como \u00abalucinante\u00bb.<\/p>\n<p>\u00abHa sido absolutamente fant\u00e1stico\u00bb, dijo.<\/p>\n<p>El festival australiano de Elvis sigue siendo &#8216;fant\u00e1stico&#8217; despu\u00e9s de 30 a\u00f1os<\/p>\n","protected":false},"excerpt":{"rendered":"<p>Personas que visten trajes inspirados en Elvis Presley participan en el desfile del Festival Parkes Elvis en Parkes, Australia, el 7 de enero de 2023. El festival australiano de Elvis: El festival, a 350 km al noroeste de Sydney, se lleva a cabo cada a\u00f1o a principios de enero, con unos 24.000 aficionados. Los cuales [&hellip;]<\/p>\n","protected":false},"author":1,"featured_media":11550,"comment_status":"open","ping_status":"closed","sticky":false,"template":"","format":"standard","meta":{"footnotes":""},"categories":[4],"tags":[],"class_list":["post-11548","post","type-post","status-publish","format-standard","has-post-thumbnail","hentry","category-espectaculos"],"_links":{"self":[{"href":"https:\/\/podernacional.com\/index.php?rest_route=\/wp\/v2\/posts\/11548","targetHints":{"allow":["GET"]}}],"collection":[{"href":"https:\/\/podernacional.com\/index.php?rest_route=\/wp\/v2\/posts"}],"about":[{"href":"https:\/\/podernacional.com\/index.php?rest_route=\/wp\/v2\/types\/post"}],"author":[{"embeddable":true,"href":"https:\/\/podernacional.com\/index.php?rest_route=\/wp\/v2\/users\/1"}],"replies":[{"embeddable":true,"href":"https:\/\/podernacional.com\/index.php?rest_route=%2Fwp%2Fv2%2Fcomments&post=11548"}],"version-history":[{"count":1,"href":"https:\/\/podernacional.com\/index.php?rest_route=\/wp\/v2\/posts\/11548\/revisions"}],"predecessor-version":[{"id":11549,"href":"https:\/\/podernacional.com\/index.php?rest_route=\/wp\/v2\/posts\/11548\/revisions\/11549"}],"wp:featuredmedia":[{"embeddable":true,"href":"https:\/\/podernacional.com\/index.php?rest_route=\/wp\/v2\/media\/11550"}],"wp:attachment":[{"href":"https:\/\/podernacional.com\/index.php?rest_route=%2Fwp%2Fv2%2Fmedia&parent=11548"}],"wp:term":[{"taxonomy":"category","embeddable":true,"href":"https:\/\/podernacional.com\/index.php?rest_route=%2Fwp%2Fv2%2Fcategories&post=11548"},{"taxonomy":"post_tag","embeddable":true,"href":"https:\/\/podernacional.com\/index.php?rest_route=%2Fwp%2Fv2%2Ftags&post=11548"}],"curies":[{"name":"wp","href":"https:\/\/api.w.org\/{rel}","templated":true}]}}