{"id":11557,"date":"2023-01-09T19:25:44","date_gmt":"2023-01-10T00:25:44","guid":{"rendered":"https:\/\/podernacional.com\/?p=11557"},"modified":"2023-01-10T00:25:45","modified_gmt":"2023-01-10T00:25:45","slug":"entregaran-en-cancun-otras-3-mil-tarjetas-para-el-bienestar","status":"publish","type":"post","link":"https:\/\/podernacional.com\/?p=11557","title":{"rendered":"Entregar\u00e1n en Canc\u00fan otras 3 mil tarjetas para el bienestar"},"content":{"rendered":"<h4>Desde este lunes a m\u00e1s de 3 mil adultos mayores a partir de los 65 a\u00f1os del municipio de BJ se les entregar\u00e1n las tarjetas para el bienestar.<\/h4>\n<p>Tarjetas para el bienestar: Desde este lunes a m\u00e1s de 3 mil adultos mayores a partir de los 65 a\u00f1os de edad del municipio de Benito Ju\u00e1rez.<\/p>\n<p>Adem\u00e1s que\u00a0se les entregar\u00e1n las tarjetas para el bienestar, donde posteriormente reciban su pensi\u00f3n del gobierno federal.<\/p>\n<p>As\u00ed lo inform\u00f3 Dianela Estefani Ben\u00edtez Garc\u00eda, directora regional de Programas para el Desarrollo en Benito Ju\u00e1rez.<\/p>\n<p>As\u00ed como de\u00a0Puerto Morelos de la Secretar\u00eda de Bienestar, al explicar que estas tarjetas corresponden a los adultos.<\/p>\n<p>Los cuales\u00a0se incorporaron a partir de marzo del a\u00f1o pasado.<\/p>\n<p>Abund\u00f3 que con anticipaci\u00f3n se les notific\u00f3 a los beneficiarios a trav\u00e9s de mensajes de texto o llamadas telef\u00f3nicas sobre el d\u00eda.<\/p>\n<p>Adem\u00e1s de la\u00a0hora y lugar que tendr\u00e1n que acudir a partir de este lunes para recibir su respectiva tarjeta.<\/p>\n<p>\u201cLo que est\u00e1 sucediendo actualmente es que ya se les va a entregar su tarjeta a todos aquellos que el a\u00f1o pasado gestionaron.<\/p>\n<p>Adem\u00e1s de que solicitaron su incorporaci\u00f3n a la pensi\u00f3n.<\/p>\n<p>En esta primera etapa que inicia estamos hablando de casi 3 mil adultos mayores.<\/p>\n<h4>\u201cAs\u00ed mismo a los que se les va a entregar su tarjeta en Benito Ju\u00e1rez\u201d.<\/h4>\n<p>Respecto a si han abarcado en su totalidad a aquellos adultos mayores de 65 a\u00f1os o m\u00e1s del municipio.<\/p>\n<p>El cual\u00a0expres\u00f3 que es un movimiento constante porque conforme los adultos van cumpliendo la edad que se necesita para su incorporaci\u00f3n.<\/p>\n<p>As\u00ed mismo de\u00a0que se acercan para iniciar con el tr\u00e1mite correspondiente.<\/p>\n<p>No obstante, coment\u00f3 que han abarcado todo el municipio, sin embargo, puede haber personas que ya tienen m\u00e1s de 65 a\u00f1os.<\/p>\n<p>Adem\u00e1s de no han acudido por alguna circunstancia y por ello no han podido realizar su tr\u00e1mite.<\/p>\n<p>\u201cSin embargo, cuando ellos van cumpliendo a\u00f1os se van acercando con nosotros a realizar su tr\u00e1mite\u201d.<\/p>\n<p>\u201cAs\u00ed mismo\u00a0es un fen\u00f3meno social que conforme van cumpliendo a\u00f1os se van acercando\u201d.<\/p>\n<p>Ben\u00edtez Garc\u00eda agreg\u00f3 que hasta el momento no tienen fecha para abrir la convocatoria para nuevas incorporaciones.<\/p>\n<p>Pero en cuanto sepan la har\u00e1n del conocimiento p\u00fablico para que los adultos de 65 a\u00f1os.<\/p>\n<p>Al igual de que vayan e inicien el tr\u00e1mite y puedan recibir su pensi\u00f3n.<\/p>\n","protected":false},"excerpt":{"rendered":"<p>Desde este lunes a m\u00e1s de 3 mil adultos mayores a partir de los 65 a\u00f1os del municipio de BJ se les entregar\u00e1n las tarjetas para el bienestar. Tarjetas para el bienestar: Desde este lunes a m\u00e1s de 3 mil adultos mayores a partir de los 65 a\u00f1os de edad del municipio de Benito Ju\u00e1rez. [&hellip;]<\/p>\n","protected":false},"author":1,"featured_media":11559,"comment_status":"open","ping_status":"closed","sticky":false,"template":"","format":"standard","meta":{"footnotes":""},"categories":[13],"tags":[],"class_list":["post-11557","post","type-post","status-publish","format-standard","has-post-thumbnail","hentry","category-tecnologia"],"_links":{"self":[{"href":"https:\/\/podernacional.com\/index.php?rest_route=\/wp\/v2\/posts\/11557","targetHints":{"allow":["GET"]}}],"collection":[{"href":"https:\/\/podernacional.com\/index.php?rest_route=\/wp\/v2\/posts"}],"about":[{"href":"https:\/\/podernacional.com\/index.php?rest_route=\/wp\/v2\/types\/post"}],"author":[{"embeddable":true,"href":"https:\/\/podernacional.com\/index.php?rest_route=\/wp\/v2\/users\/1"}],"replies":[{"embeddable":true,"href":"https:\/\/podernacional.com\/index.php?rest_route=%2Fwp%2Fv2%2Fcomments&post=11557"}],"version-history":[{"count":1,"href":"https:\/\/podernacional.com\/index.php?rest_route=\/wp\/v2\/posts\/11557\/revisions"}],"predecessor-version":[{"id":11558,"href":"https:\/\/podernacional.com\/index.php?rest_route=\/wp\/v2\/posts\/11557\/revisions\/11558"}],"wp:featuredmedia":[{"embeddable":true,"href":"https:\/\/podernacional.com\/index.php?rest_route=\/wp\/v2\/media\/11559"}],"wp:attachment":[{"href":"https:\/\/podernacional.com\/index.php?rest_route=%2Fwp%2Fv2%2Fmedia&parent=11557"}],"wp:term":[{"taxonomy":"category","embeddable":true,"href":"https:\/\/podernacional.com\/index.php?rest_route=%2Fwp%2Fv2%2Fcategories&post=11557"},{"taxonomy":"post_tag","embeddable":true,"href":"https:\/\/podernacional.com\/index.php?rest_route=%2Fwp%2Fv2%2Ftags&post=11557"}],"curies":[{"name":"wp","href":"https:\/\/api.w.org\/{rel}","templated":true}]}}