{"id":11599,"date":"2023-01-10T18:39:23","date_gmt":"2023-01-10T23:39:23","guid":{"rendered":"https:\/\/podernacional.com\/?p=11599"},"modified":"2023-01-10T23:39:24","modified_gmt":"2023-01-10T23:39:24","slug":"sep-atendera-rezago-educativo-y-basificaciones-en-quintana-roo","status":"publish","type":"post","link":"https:\/\/podernacional.com\/?p=11599","title":{"rendered":"SEP atender\u00e1 rezago educativo y basificaciones en Quintana Roo"},"content":{"rendered":"<h4>La titular de Educaci\u00f3n federal y la gobernadora revisaron las condiciones en materia educativa en la entidad.<\/h4>\n<p>SEP: La gobernadora de Quintana Roo, Mara Lezama (derecha), y la secretaria de Educaci\u00f3n P\u00fablica, Leticia Ram\u00edrez, (izquierda).<\/p>\n<p>Las cuales\u00a0se reunieron ayer para revisar la estructura educativa en la entidad.<\/p>\n<p>La gobernadora de Quintana Roo Mara Lezama, y la secretaria de Educaci\u00f3n P\u00fablica, Leticia Ram\u00edrez, acordaron trabajar en ir resarciendo el rezago educativo.<\/p>\n<p>As\u00ed como en atender las necesidades que se tienen por las condiciones de crecimiento y movilidad que registra el estado.<\/p>\n<p>En una reuni\u00f3n de trabajo se comprometieron a cerrar filas para atender el crecimiento de la plantilla escolar.<\/p>\n<p>As\u00ed como de garantizar el futuro educativo de los estudiantes de la entidad.<\/p>\n<h4>De manera paralela revisaron la posible basificaci\u00f3n de m\u00e1s de mil 600 trabajadores que prestan sus servicios al sector educativo.<\/h4>\n<p>Esto\u00a0por honorarios en QuintanaRoo, con lo que se tendr\u00e1 ahorro por m\u00e1s de 14 millones de pesos mensuales que podr\u00e1n utilizarse en la rehabilitaci\u00f3n.<\/p>\n<p>As\u00ed como de\u00a0equipamiento y en mejorar las condiciones de infraestructura en todos los niveles del sector educativo.<\/p>\n<p>Las funcionarias revisaron las condiciones actuales sobre la cobertura de maestros en relaci\u00f3n con los alumnos.<\/p>\n<p>A\u00a0fin de asegurar el futuro educativo de la ni\u00f1ez y juventud quintanarroense.<\/p>\n<p>En tanto, el secretario de Educaci\u00f3n estatal, Carlos Manuel Gorocica Moreno, la contrataci\u00f3n de personal por honorario.<\/p>\n<p>La cual\u00a0tiene la finalidad de atender las necesidades del sector y cumplir con el derecho a la educaci\u00f3n.<\/p>\n<p>Destac\u00f3 que en Quintana Roo la demanda se acent\u00faa por el crecimiento de la zona norte.<\/p>\n<p>As\u00ed como la movilidad de personas de otras entidades del pa\u00eds y de otros pa\u00edses que llegan en busca de nuevas oportunidades para sus familias.<\/p>\n<p>Durante la jornada de trabajo, la gobernadora de la entidad, Mara Lezama y la titular de Educaci\u00f3n federal.<\/p>\n<p>Por ende,\u00a0Leticia Ram\u00edrez Amaya, reiteraron que la intenci\u00f3n es el futuro educativo.<\/p>\n<p>SEP atender\u00e1 rezago educativo y basificaciones en Quintana Roo<\/p>\n","protected":false},"excerpt":{"rendered":"<p>La titular de Educaci\u00f3n federal y la gobernadora revisaron las condiciones en materia educativa en la entidad. SEP: La gobernadora de Quintana Roo, Mara Lezama (derecha), y la secretaria de Educaci\u00f3n P\u00fablica, Leticia Ram\u00edrez, (izquierda). Las cuales\u00a0se reunieron ayer para revisar la estructura educativa en la entidad. La gobernadora de Quintana Roo Mara Lezama, y [&hellip;]<\/p>\n","protected":false},"author":1,"featured_media":11601,"comment_status":"open","ping_status":"closed","sticky":false,"template":"","format":"standard","meta":{"footnotes":""},"categories":[10],"tags":[],"class_list":["post-11599","post","type-post","status-publish","format-standard","has-post-thumbnail","hentry","category-quintana-roo"],"_links":{"self":[{"href":"https:\/\/podernacional.com\/index.php?rest_route=\/wp\/v2\/posts\/11599","targetHints":{"allow":["GET"]}}],"collection":[{"href":"https:\/\/podernacional.com\/index.php?rest_route=\/wp\/v2\/posts"}],"about":[{"href":"https:\/\/podernacional.com\/index.php?rest_route=\/wp\/v2\/types\/post"}],"author":[{"embeddable":true,"href":"https:\/\/podernacional.com\/index.php?rest_route=\/wp\/v2\/users\/1"}],"replies":[{"embeddable":true,"href":"https:\/\/podernacional.com\/index.php?rest_route=%2Fwp%2Fv2%2Fcomments&post=11599"}],"version-history":[{"count":1,"href":"https:\/\/podernacional.com\/index.php?rest_route=\/wp\/v2\/posts\/11599\/revisions"}],"predecessor-version":[{"id":11600,"href":"https:\/\/podernacional.com\/index.php?rest_route=\/wp\/v2\/posts\/11599\/revisions\/11600"}],"wp:featuredmedia":[{"embeddable":true,"href":"https:\/\/podernacional.com\/index.php?rest_route=\/wp\/v2\/media\/11601"}],"wp:attachment":[{"href":"https:\/\/podernacional.com\/index.php?rest_route=%2Fwp%2Fv2%2Fmedia&parent=11599"}],"wp:term":[{"taxonomy":"category","embeddable":true,"href":"https:\/\/podernacional.com\/index.php?rest_route=%2Fwp%2Fv2%2Fcategories&post=11599"},{"taxonomy":"post_tag","embeddable":true,"href":"https:\/\/podernacional.com\/index.php?rest_route=%2Fwp%2Fv2%2Ftags&post=11599"}],"curies":[{"name":"wp","href":"https:\/\/api.w.org\/{rel}","templated":true}]}}