{"id":11620,"date":"2023-01-11T15:09:19","date_gmt":"2023-01-11T20:09:19","guid":{"rendered":"https:\/\/podernacional.com\/?p=11620"},"modified":"2023-01-11T20:09:43","modified_gmt":"2023-01-11T20:09:43","slug":"magistrados-aprueban-uber-en-quintana-roo","status":"publish","type":"post","link":"https:\/\/podernacional.com\/?p=11620","title":{"rendered":"Magistrados aprueban UBER en Quintana Roo"},"content":{"rendered":"<p>El magistrado Jos\u00e9 Antonio Belda Rodr\u00edguez consider\u00f3 que la decisi\u00f3n de autorizar la operaci\u00f3n de UBER no afecta a quienes prestan el servicio de transporte p\u00fablico, y s\u00ed ayuda a los usuarios, pues les ofrece mayores opciones de servicio.<br \/>\nLa ma\u00f1ana de este mi\u00e9rcoles, el Poder Judicial discuti\u00f3 el amparo 334\/2019, el cual busca que Uber pueda operar en Quintana Roo sin necesidad de tener una concesi\u00f3n.<br \/>\nLa ley establece que todo servicio de transporte debe operar por medio de una concesi\u00f3n dado que lo considera transporte p\u00fablico.<br \/>\nSin embargo, la empresa afirma que es del sector privado, por ello se ampar\u00f3 ante lo que establece la Ley de Movilidad vigente.<br \/>\nFueron los magistrados Jos\u00e9 Antonio Belda Rodr\u00edguez, Jorge Mercado Mej\u00eda y Leonel Jes\u00fas Hidalgo, quienes discutieron el tema y votaron la resoluci\u00f3n del mismo.<br \/>\nSe registraron dos solicitudes del Sindicato de Taxistas para que el magistrado ponente Jorge Mercado Mej\u00eda se abstuviera de participar en el debate y discusi\u00f3n. Sin embargo estos recursos fueron desechados por el pleno.<br \/>\nLa plataforma demostr\u00f3, seg\u00fan el magistrado ponente, ser una empresa privada, una sociedad mercantil que ofrece servicio de transporte con chofer mediante dispositivos electr\u00f3nicos y aplicaciones digitales.<br \/>\nEsto confirmar\u00eda que por lo tanto no es transporte p\u00fablico y por ello no requiere de una concesi\u00f3n, tal como lo exigen las autoridades de Quintana Roo.<br \/>\nEl argumento que rige el proyecto se\u00f1ala que el servicio de transporte ofrecido por plataformas digitales y dispositivos electr\u00f3nicos no puede equipararse al transporte p\u00fablico que brinda el estado, ya sea de manera directa o a trav\u00e9s de terceros, es decir, concesionarios, detall\u00f3 Jorge Mercado Mej\u00eda.<br \/>\nEl servicio de transporte v\u00eda aplicaciones un modelo de negocio diferente, por lo que no ser\u00eda concesionable. Y el servicio de taxis s\u00ed se opera a partir de concesiones, pues la Suprema Corte as\u00ed lo establece.<br \/>\nEl magistrado resalt\u00f3 que la Suprema Corte ya discuti\u00f3 el mismo tema en otros estados, y consider\u00f3 que el servicio de plataformas no puede ser considerado servicio p\u00fablico.<\/p>\n","protected":false},"excerpt":{"rendered":"<p>El magistrado Jos\u00e9 Antonio Belda Rodr\u00edguez consider\u00f3 que la decisi\u00f3n de autorizar la operaci\u00f3n de UBER no afecta a quienes prestan el servicio de transporte p\u00fablico, y s\u00ed ayuda a los usuarios, pues les ofrece mayores opciones de servicio. La ma\u00f1ana de este mi\u00e9rcoles, el Poder Judicial discuti\u00f3 el amparo 334\/2019, el cual busca que [&hellip;]<\/p>\n","protected":false},"author":1,"featured_media":11622,"comment_status":"open","ping_status":"closed","sticky":false,"template":"","format":"standard","meta":{"footnotes":""},"categories":[10],"tags":[],"class_list":["post-11620","post","type-post","status-publish","format-standard","has-post-thumbnail","hentry","category-quintana-roo"],"_links":{"self":[{"href":"https:\/\/podernacional.com\/index.php?rest_route=\/wp\/v2\/posts\/11620","targetHints":{"allow":["GET"]}}],"collection":[{"href":"https:\/\/podernacional.com\/index.php?rest_route=\/wp\/v2\/posts"}],"about":[{"href":"https:\/\/podernacional.com\/index.php?rest_route=\/wp\/v2\/types\/post"}],"author":[{"embeddable":true,"href":"https:\/\/podernacional.com\/index.php?rest_route=\/wp\/v2\/users\/1"}],"replies":[{"embeddable":true,"href":"https:\/\/podernacional.com\/index.php?rest_route=%2Fwp%2Fv2%2Fcomments&post=11620"}],"version-history":[{"count":1,"href":"https:\/\/podernacional.com\/index.php?rest_route=\/wp\/v2\/posts\/11620\/revisions"}],"predecessor-version":[{"id":11621,"href":"https:\/\/podernacional.com\/index.php?rest_route=\/wp\/v2\/posts\/11620\/revisions\/11621"}],"wp:featuredmedia":[{"embeddable":true,"href":"https:\/\/podernacional.com\/index.php?rest_route=\/wp\/v2\/media\/11622"}],"wp:attachment":[{"href":"https:\/\/podernacional.com\/index.php?rest_route=%2Fwp%2Fv2%2Fmedia&parent=11620"}],"wp:term":[{"taxonomy":"category","embeddable":true,"href":"https:\/\/podernacional.com\/index.php?rest_route=%2Fwp%2Fv2%2Fcategories&post=11620"},{"taxonomy":"post_tag","embeddable":true,"href":"https:\/\/podernacional.com\/index.php?rest_route=%2Fwp%2Fv2%2Ftags&post=11620"}],"curies":[{"name":"wp","href":"https:\/\/api.w.org\/{rel}","templated":true}]}}