{"id":11623,"date":"2023-01-11T17:21:22","date_gmt":"2023-01-11T22:21:22","guid":{"rendered":"https:\/\/podernacional.com\/?p=11623"},"modified":"2023-01-11T22:21:24","modified_gmt":"2023-01-11T22:21:24","slug":"el-festival-tradicionarius-propone-un-viaje-por-la-musica-de-raiz","status":"publish","type":"post","link":"https:\/\/podernacional.com\/?p=11623","title":{"rendered":"El Festival Tradicion\u00e0rius propone un viaje por la m\u00fasica de ra\u00edz"},"content":{"rendered":"<h4>Ofrecer\u00e1 un amplio programa con m\u00e1s de 60 actividades en torno a la m\u00fasica tradicional entre el 13 de enero y el 31 de marzo<\/h4>\n<p>El Festival Tradicion\u00e0rius: La 36\u00aa edici\u00f3n del Festival Folk Internacional Tradicion\u00e0rius propone un viaje sonoro por Catalu\u00f1a, Comunidad Valenciana.<\/p>\n<p>As\u00ed como las\u00a0Islas Baleares, Murcia, Andaluc\u00eda, Castilla, Galicia, Francia, Ir\u00e1n, Estados Unidos y Brasil.<\/p>\n<p>La programaci\u00f3n ofrecer\u00e1 m\u00fasicas hechas desde la tradici\u00f3n m\u00e1s pura, pero tambi\u00e9n habr\u00e1 espacio para proyecto.<\/p>\n<p>Los cuales\u00a0fusionan los sonidos de ra\u00edz con estilos contempor\u00e1neos como el rap o la electr\u00f3nica.<\/p>\n<p>La inauguraci\u00f3n del festival, que se llevar\u00e1 a cabo el 13 de enero, empezar\u00e1 con un cercavila entre la plaza de la Vila.<\/p>\n<p>As\u00ed como\u00a0del Centre Artes\u00e0 Tradicion\u00e0rius (CAT) y un baile de homenaje en la plaza de Anna Frank.<\/p>\n<p>La jornada estar\u00e1 dedicada a la memoria de Jordi F\u00e0bregas, fundador y director del CAT fallecido en el 2021.<\/p>\n<p>Por un lado, un acto servir\u00e1 para nombrar la sala de conciertos del centro, que pasar\u00e1 a llamarse Auditori Jordi F\u00e0bregas.<\/p>\n<h4>Adem\u00e1s que\u00a0por otro, un concierto repasar\u00e1 su legado musical.<\/h4>\n<p>A partir de entonces se desplegar\u00e1 un programa que incluir\u00e1 los conciertos en el CAT, un ciclo en colaboraci\u00f3n con el festival BarnaSants.<\/p>\n<p>El cual est\u00e1\u00a0dedicado a la canci\u00f3n de autor, y un espacio en el Palau de la M\u00fasica Catalana.<\/p>\n<p>Adem\u00e1s que acoger\u00e1 un recital de las gallegas Tanxugueiras. Una de las novedades de este a\u00f1o.<\/p>\n<p>Adem\u00e1s, ser\u00e1 la presencia del Tradicion\u00e0rius en las fiestas de Santa Eul\u00e0lia, con una propuesta de folk y otra de rumba catalana.<\/p>\n<p>Asimismo, el festival llevar\u00e1 la m\u00fasica tradicional hasta los mercados de Gracia, dedicar\u00e1 diversas jornadas al baile folk.<\/p>\n<p>As\u00ed mismo de que ofrecer\u00e1 actividades familiares, charlas, presentaciones de libros y exposiciones.<\/p>\n","protected":false},"excerpt":{"rendered":"<p>Ofrecer\u00e1 un amplio programa con m\u00e1s de 60 actividades en torno a la m\u00fasica tradicional entre el 13 de enero y el 31 de marzo El Festival Tradicion\u00e0rius: La 36\u00aa edici\u00f3n del Festival Folk Internacional Tradicion\u00e0rius propone un viaje sonoro por Catalu\u00f1a, Comunidad Valenciana. As\u00ed como las\u00a0Islas Baleares, Murcia, Andaluc\u00eda, Castilla, Galicia, Francia, Ir\u00e1n, Estados [&hellip;]<\/p>\n","protected":false},"author":1,"featured_media":11625,"comment_status":"open","ping_status":"closed","sticky":false,"template":"","format":"standard","meta":{"footnotes":""},"categories":[2],"tags":[],"class_list":["post-11623","post","type-post","status-publish","format-standard","has-post-thumbnail","hentry","category-cultural"],"_links":{"self":[{"href":"https:\/\/podernacional.com\/index.php?rest_route=\/wp\/v2\/posts\/11623","targetHints":{"allow":["GET"]}}],"collection":[{"href":"https:\/\/podernacional.com\/index.php?rest_route=\/wp\/v2\/posts"}],"about":[{"href":"https:\/\/podernacional.com\/index.php?rest_route=\/wp\/v2\/types\/post"}],"author":[{"embeddable":true,"href":"https:\/\/podernacional.com\/index.php?rest_route=\/wp\/v2\/users\/1"}],"replies":[{"embeddable":true,"href":"https:\/\/podernacional.com\/index.php?rest_route=%2Fwp%2Fv2%2Fcomments&post=11623"}],"version-history":[{"count":1,"href":"https:\/\/podernacional.com\/index.php?rest_route=\/wp\/v2\/posts\/11623\/revisions"}],"predecessor-version":[{"id":11624,"href":"https:\/\/podernacional.com\/index.php?rest_route=\/wp\/v2\/posts\/11623\/revisions\/11624"}],"wp:featuredmedia":[{"embeddable":true,"href":"https:\/\/podernacional.com\/index.php?rest_route=\/wp\/v2\/media\/11625"}],"wp:attachment":[{"href":"https:\/\/podernacional.com\/index.php?rest_route=%2Fwp%2Fv2%2Fmedia&parent=11623"}],"wp:term":[{"taxonomy":"category","embeddable":true,"href":"https:\/\/podernacional.com\/index.php?rest_route=%2Fwp%2Fv2%2Fcategories&post=11623"},{"taxonomy":"post_tag","embeddable":true,"href":"https:\/\/podernacional.com\/index.php?rest_route=%2Fwp%2Fv2%2Ftags&post=11623"}],"curies":[{"name":"wp","href":"https:\/\/api.w.org\/{rel}","templated":true}]}}