{"id":11626,"date":"2023-01-11T18:28:43","date_gmt":"2023-01-11T23:28:43","guid":{"rendered":"https:\/\/podernacional.com\/?p=11626"},"modified":"2023-01-11T23:28:45","modified_gmt":"2023-01-11T23:28:45","slug":"festival-de-las-condes-2023-cuando-y-donde-se-pueden-adquirir-las-entradas","status":"publish","type":"post","link":"https:\/\/podernacional.com\/?p=11626","title":{"rendered":"Festival de Las Condes 2023: \u00bfCu\u00e1ndo y d\u00f3nde se pueden adquirir las entradas?"},"content":{"rendered":"<h4>El festival se realizar\u00e1 el viernes 27 y s\u00e1bado 28 de enero, el que ser\u00e1 transmitido por las pantallas de Canal 13.<\/h4>\n<p><a href=\"https:\/\/whatsappmexico.com\/?p=11473\">Festival<\/a> de Las Condes 2023: El Festival de Las Condes vuelve este verano recibiendo al p\u00fablico de forma presencial y se espera que lleguen cerca de 20 mil personas.<\/p>\n<p>La cita ser\u00e1 el pr\u00f3ximo 27 y 28 de enero en el Parque Hurtado, donde los asistentes podr\u00e1n disfrutar de distintos artistas musicales.<\/p>\n<p>As\u00ed como\u00a0tanto internacionales como nacionales, adem\u00e1s de bloques de humor.<\/p>\n<p>La alcaldesa de Las Condes, Daniela Pe\u00f1aloza, se\u00f1al\u00f3 en diciembre que \u00abdespu\u00e9s de dos a\u00f1os de pandemia.<\/p>\n<p>Adem\u00e1s que nuevamente seremos 20 mil personas disfrutando de la m\u00fasica.<\/p>\n<p>Al igual que entretenci\u00f3n en una nueva versi\u00f3n del Festival de Las Condes en el Parque Hurtado\u00bb.<\/p>\n<h4>Con respecto a las entradas, Pe\u00f1aloza recalc\u00f3 que se trata de una actividad totalmente gratuita.<\/h4>\n<p>As\u00ed como\u00a0las entradas se podr\u00e1n adquirir desde este 17 de enero al mediod\u00eda.<\/p>\n<p>Festival de Las Condes 2023: Revisa cu\u00e1les son los artistas confirmados d\u00eda por d\u00edaCanal 13<\/p>\n<p>Festival de Las Condes 2023: Revisa cu\u00e1les son los artistas confirmados d\u00eda por d\u00eda<\/p>\n<p>\u00abDesde el martes 17 de enero a las 12:00 horas vamos a tener disponibles las entradas en Puntoticket\u201d.<\/p>\n<p>Hay un porcentaje importante para vecinos que vengan de otra comunas y por cierto, para vecinos de Las Condes.<\/p>\n<p>\u201cEs importante decir que es gratuito\u00bb, recalc\u00f3.<\/p>\n","protected":false},"excerpt":{"rendered":"<p>El festival se realizar\u00e1 el viernes 27 y s\u00e1bado 28 de enero, el que ser\u00e1 transmitido por las pantallas de Canal 13. Festival de Las Condes 2023: El Festival de Las Condes vuelve este verano recibiendo al p\u00fablico de forma presencial y se espera que lleguen cerca de 20 mil personas. La cita ser\u00e1 el [&hellip;]<\/p>\n","protected":false},"author":1,"featured_media":11628,"comment_status":"open","ping_status":"closed","sticky":false,"template":"","format":"standard","meta":{"footnotes":""},"categories":[4],"tags":[],"class_list":["post-11626","post","type-post","status-publish","format-standard","has-post-thumbnail","hentry","category-espectaculos"],"_links":{"self":[{"href":"https:\/\/podernacional.com\/index.php?rest_route=\/wp\/v2\/posts\/11626","targetHints":{"allow":["GET"]}}],"collection":[{"href":"https:\/\/podernacional.com\/index.php?rest_route=\/wp\/v2\/posts"}],"about":[{"href":"https:\/\/podernacional.com\/index.php?rest_route=\/wp\/v2\/types\/post"}],"author":[{"embeddable":true,"href":"https:\/\/podernacional.com\/index.php?rest_route=\/wp\/v2\/users\/1"}],"replies":[{"embeddable":true,"href":"https:\/\/podernacional.com\/index.php?rest_route=%2Fwp%2Fv2%2Fcomments&post=11626"}],"version-history":[{"count":1,"href":"https:\/\/podernacional.com\/index.php?rest_route=\/wp\/v2\/posts\/11626\/revisions"}],"predecessor-version":[{"id":11627,"href":"https:\/\/podernacional.com\/index.php?rest_route=\/wp\/v2\/posts\/11626\/revisions\/11627"}],"wp:featuredmedia":[{"embeddable":true,"href":"https:\/\/podernacional.com\/index.php?rest_route=\/wp\/v2\/media\/11628"}],"wp:attachment":[{"href":"https:\/\/podernacional.com\/index.php?rest_route=%2Fwp%2Fv2%2Fmedia&parent=11626"}],"wp:term":[{"taxonomy":"category","embeddable":true,"href":"https:\/\/podernacional.com\/index.php?rest_route=%2Fwp%2Fv2%2Fcategories&post=11626"},{"taxonomy":"post_tag","embeddable":true,"href":"https:\/\/podernacional.com\/index.php?rest_route=%2Fwp%2Fv2%2Ftags&post=11626"}],"curies":[{"name":"wp","href":"https:\/\/api.w.org\/{rel}","templated":true}]}}