{"id":11635,"date":"2023-01-11T19:19:31","date_gmt":"2023-01-12T00:19:31","guid":{"rendered":"https:\/\/podernacional.com\/?p=11635"},"modified":"2023-01-12T00:19:34","modified_gmt":"2023-01-12T00:19:34","slug":"victoria-de-uber-en-quintana-roo-tribunal-concede-amparo-para-que-opere-en-el-estado","status":"publish","type":"post","link":"https:\/\/podernacional.com\/?p=11635","title":{"rendered":"\u2018Victoria\u2019 de Uber en Quintana Roo: tribunal concede amparo para que opere en el estado"},"content":{"rendered":"<h4>Se esperan movilizaciones de taxistas en todo el estado, pues previamente anunciaron que si el fallo no los favorec\u00eda, saldr\u00edan a protestar.<\/h4>\n<p>Uber en Quintana Roo : Uber La \u00faltima vez que Uber pudo operar en Canc\u00fan fue en 2017.<\/p>\n<p>Los magistrados del Poder Judicial de la Federaci\u00f3n con sede en Canc\u00fan aprobaron la entrada de Uber a los destinos del estado.<\/p>\n<p>Esto\u00a0luego de desechar los amparos promovidos en contra por parte de los trabajadores del volante.<\/p>\n<p>Argumentaron que la plataforma de transporte digital presta un servicio privado y no es transporte p\u00fablico.<\/p>\n<p>As\u00ed como por lo que tampoco puede ser concesionado y regulado como los taxis.<\/p>\n<p>La aprobaci\u00f3n cay\u00f3 como \u2018balde de agua fr\u00eda\u2019 a los cientos de choferes y l\u00edderes gremiales que se plantaron en las instalaciones del Poder Judicial.<\/p>\n<p>Aunque la decisi\u00f3n de los magistrados tambi\u00e9n se bas\u00f3 en que la aprobaci\u00f3n de la entrada de la plataforma brindar\u00e1 un \u2018abanico\u2019.<\/p>\n<h4>Esto\u00a0de opciones de transporte a los ciudadanos.<\/h4>\n<p>Adem\u00e1s, esgrimieron que resulta anticonstitucional la Ley de Movilidad de Quintana Roo al tratar igual al transporte p\u00fablico de taxis.<\/p>\n<p>Esto\u00a0con el transporte privado de las plataformas digitales, y que no es legal que le exijan a Uber una concesi\u00f3n para brindar el servicio.<\/p>\n<p>\u00bfQu\u00e9 necesita Uber para regresar a operar en Quintana Roo?<\/p>\n<p>Sin embargo, para poder operar sin presi\u00f3n de parte de los taxistas y autoridades.<\/p>\n<p>Adem\u00e1s de que\u00a0Uber tendr\u00e1 que solicitar la anuencia al Instituto de Movilidad de Quintana Roo.<\/p>\n<p>Luego de la aprobaci\u00f3n, prestadores de servicio, hoteleros y ciudadan\u00eda en general pensaron que los taxistas bloquear\u00edan.<\/p>\n<p>Esto en\u00a0las diferentes carreteras del estado, situaci\u00f3n que hasta el momento no ocurri\u00f3.<\/p>\n<p>Eleazar Sagrero, l\u00edder del Frente \u00danico de Trabajadores del Volante en Quintana Roo, coment\u00f3 se van a tomar procedimientos jur\u00eddicos legales.<\/p>\n<p>\u201cEsto no est\u00e1 perdido y en cierta forma esto no se acaba\u201d.<\/p>\n<p>\u201cAs\u00ed como que esto es un proceso, sigue el proceso y tendremos que hacer nuestra parte jur\u00eddica tambi\u00e9n\u201d, afirm\u00f3.<\/p>\n","protected":false},"excerpt":{"rendered":"<p>Se esperan movilizaciones de taxistas en todo el estado, pues previamente anunciaron que si el fallo no los favorec\u00eda, saldr\u00edan a protestar. Uber en Quintana Roo : Uber La \u00faltima vez que Uber pudo operar en Canc\u00fan fue en 2017. Los magistrados del Poder Judicial de la Federaci\u00f3n con sede en Canc\u00fan aprobaron la entrada [&hellip;]<\/p>\n","protected":false},"author":1,"featured_media":11637,"comment_status":"open","ping_status":"closed","sticky":false,"template":"","format":"standard","meta":{"footnotes":""},"categories":[10],"tags":[],"class_list":["post-11635","post","type-post","status-publish","format-standard","has-post-thumbnail","hentry","category-quintana-roo"],"_links":{"self":[{"href":"https:\/\/podernacional.com\/index.php?rest_route=\/wp\/v2\/posts\/11635","targetHints":{"allow":["GET"]}}],"collection":[{"href":"https:\/\/podernacional.com\/index.php?rest_route=\/wp\/v2\/posts"}],"about":[{"href":"https:\/\/podernacional.com\/index.php?rest_route=\/wp\/v2\/types\/post"}],"author":[{"embeddable":true,"href":"https:\/\/podernacional.com\/index.php?rest_route=\/wp\/v2\/users\/1"}],"replies":[{"embeddable":true,"href":"https:\/\/podernacional.com\/index.php?rest_route=%2Fwp%2Fv2%2Fcomments&post=11635"}],"version-history":[{"count":1,"href":"https:\/\/podernacional.com\/index.php?rest_route=\/wp\/v2\/posts\/11635\/revisions"}],"predecessor-version":[{"id":11636,"href":"https:\/\/podernacional.com\/index.php?rest_route=\/wp\/v2\/posts\/11635\/revisions\/11636"}],"wp:featuredmedia":[{"embeddable":true,"href":"https:\/\/podernacional.com\/index.php?rest_route=\/wp\/v2\/media\/11637"}],"wp:attachment":[{"href":"https:\/\/podernacional.com\/index.php?rest_route=%2Fwp%2Fv2%2Fmedia&parent=11635"}],"wp:term":[{"taxonomy":"category","embeddable":true,"href":"https:\/\/podernacional.com\/index.php?rest_route=%2Fwp%2Fv2%2Fcategories&post=11635"},{"taxonomy":"post_tag","embeddable":true,"href":"https:\/\/podernacional.com\/index.php?rest_route=%2Fwp%2Fv2%2Ftags&post=11635"}],"curies":[{"name":"wp","href":"https:\/\/api.w.org\/{rel}","templated":true}]}}