{"id":11644,"date":"2023-01-12T17:07:18","date_gmt":"2023-01-12T22:07:18","guid":{"rendered":"https:\/\/podernacional.com\/?p=11644"},"modified":"2023-01-12T22:07:19","modified_gmt":"2023-01-12T22:07:19","slug":"el-festival-literario-tiana-negra-amplia-dias-en-su-vuelta-a-la-presencialidad","status":"publish","type":"post","link":"https:\/\/podernacional.com\/?p=11644","title":{"rendered":"El festival literario Tiana Negra ampl\u00eda d\u00edas en su vuelta a la presencialidad"},"content":{"rendered":"<h4>M\u00e1s d\u00edas del certamen y escenarios en su und\u00e9cima edici\u00f3n, la de su vuelta a la presencialidad, que tendr\u00e1 lugar del 20 al 22 de enero.<\/h4>\n<p>El festival literario Tiana Negra: Esto aunque algunas actividades comenzar\u00e1n ya este s\u00e1bado d\u00eda 14.<\/p>\n<p>El alcalde de Tiana, Isaac Salvatierra y los promotores del festival, con el cartel del 2023<\/p>\n<p>El festival literario Tiana Negra ampl\u00eda d\u00edas en su vuelta a la presencialidad<\/p>\n<p>El festival de novela negra catalana Tiana Negra ampl\u00eda los d\u00edas del certamen, sus escenarios.<\/p>\n<p>As\u00ed como el p\u00fablico al que va dirigido en su und\u00e9cima edici\u00f3n, la de su vuelta a la presencialidad.<\/p>\n<p>Adem\u00e1s de\u00a0que tendr\u00e1 lugar del 20 al 22 de enero.<\/p>\n<p>Esto\u00a0aunque algunas actividades comenzar\u00e1n ya este s\u00e1bado d\u00eda 14. Adem\u00e1s, incorpora una ruta del crimen, el c\u00f3mic detectivesco.<\/p>\n<p>As\u00ed como de la\u00a0novela negra juvenil, un vermut negro, un espect\u00e1culo familiar y la presentaci\u00f3n de &#8216;Marsella Confidencial&#8217; con Fran\u00e7ois Thomazcau.<\/p>\n<p>Despu\u00e9s de una edici\u00f3n completamente virtual en 2021 por la pandemia, y de la celebraci\u00f3n de los 10 a\u00f1os del festival en 2022.<\/p>\n<p>Por ende,\u00a0Tiana Negra quiere crecer para continuar siendo uno de los festivales referentes del panorama del g\u00e9nero negro en catal\u00e1n y a nivel estatal.<\/p>\n<h4>Homenaje a Agust\u00ed Veh\u00ed<\/h4>\n<p>Como es habitual, el festival estar\u00e1 presente en las redes sociales, a trav\u00e9s de la nueva web:<\/p>\n<p>http:\/\/tiananegra.cat, con toda la informaci\u00f3n del festival y de la novela negra catalana.<\/p>\n<p>As\u00ed como en Facebook (www.facebook.com\/tiananegra), Twitter (@tiananegra) e Instagram @tiana.negra).<\/p>\n<p>La und\u00e9cima edici\u00f3n comenzar\u00e1 de hecho este s\u00e1bado, seg\u00fan ha explicado hoy en rueda de prensa la directora del festival.<\/p>\n<p>Por ende,\u00a0Anna Maria Vilallonga, \u00abuna semana en la que se han programado la Ruta del Crimen en Tiana\u201d.<\/p>\n<p>\u201cAdem\u00e1s de\u00a0un recorrido dramatizado por diferentes lugares de la poblaci\u00f3n que han sido escenario de cr\u00edmenes desde el siglo XVI\u201d.<\/p>\n<p>\u201cAs\u00ed como\u00a0que ir\u00e1 a cargo del actor Miquel Gelabert.<\/p>\n<p>Adem\u00e1s, se podr\u00e1 ver la obra de teatro \u00abDoppelganger\u00bb en la Sala Alb\u00e8niz y un festival familiar m\u00e1s un Vermut Negro.<\/p>\n<p>El cual\u00a0cerrar\u00e1 el certamen el domingo 22 en el Parque del Doctor Mascar\u00f3.<\/p>\n<p>El grueso del festival se concentrar\u00e1 los d\u00edas 20 y 21 de enero en la Sala Alb\u00e8niz.<\/p>\n<p>El cual\u00a0incluir\u00e1 el homenaje a Agust\u00ed Veh\u00ed 10 a\u00f1os despu\u00e9s de su muerte, una mesa redonda dedicada a la fusi\u00f3n de g\u00e9neros.<\/p>\n<p>As\u00ed como\u00a0(negro, fant\u00e1stico, ciencia ficci\u00f3n), un espacio dedicado al c\u00f3mic negro y otro a la literatura negra juvenil.<\/p>\n","protected":false},"excerpt":{"rendered":"<p>M\u00e1s d\u00edas del certamen y escenarios en su und\u00e9cima edici\u00f3n, la de su vuelta a la presencialidad, que tendr\u00e1 lugar del 20 al 22 de enero. El festival literario Tiana Negra: Esto aunque algunas actividades comenzar\u00e1n ya este s\u00e1bado d\u00eda 14. El alcalde de Tiana, Isaac Salvatierra y los promotores del festival, con el cartel [&hellip;]<\/p>\n","protected":false},"author":1,"featured_media":11646,"comment_status":"open","ping_status":"closed","sticky":false,"template":"","format":"standard","meta":{"footnotes":""},"categories":[1],"tags":[],"class_list":["post-11644","post","type-post","status-publish","format-standard","has-post-thumbnail","hentry","category-uncategorized"],"_links":{"self":[{"href":"https:\/\/podernacional.com\/index.php?rest_route=\/wp\/v2\/posts\/11644","targetHints":{"allow":["GET"]}}],"collection":[{"href":"https:\/\/podernacional.com\/index.php?rest_route=\/wp\/v2\/posts"}],"about":[{"href":"https:\/\/podernacional.com\/index.php?rest_route=\/wp\/v2\/types\/post"}],"author":[{"embeddable":true,"href":"https:\/\/podernacional.com\/index.php?rest_route=\/wp\/v2\/users\/1"}],"replies":[{"embeddable":true,"href":"https:\/\/podernacional.com\/index.php?rest_route=%2Fwp%2Fv2%2Fcomments&post=11644"}],"version-history":[{"count":1,"href":"https:\/\/podernacional.com\/index.php?rest_route=\/wp\/v2\/posts\/11644\/revisions"}],"predecessor-version":[{"id":11645,"href":"https:\/\/podernacional.com\/index.php?rest_route=\/wp\/v2\/posts\/11644\/revisions\/11645"}],"wp:featuredmedia":[{"embeddable":true,"href":"https:\/\/podernacional.com\/index.php?rest_route=\/wp\/v2\/media\/11646"}],"wp:attachment":[{"href":"https:\/\/podernacional.com\/index.php?rest_route=%2Fwp%2Fv2%2Fmedia&parent=11644"}],"wp:term":[{"taxonomy":"category","embeddable":true,"href":"https:\/\/podernacional.com\/index.php?rest_route=%2Fwp%2Fv2%2Fcategories&post=11644"},{"taxonomy":"post_tag","embeddable":true,"href":"https:\/\/podernacional.com\/index.php?rest_route=%2Fwp%2Fv2%2Ftags&post=11644"}],"curies":[{"name":"wp","href":"https:\/\/api.w.org\/{rel}","templated":true}]}}