{"id":11656,"date":"2023-01-12T17:25:44","date_gmt":"2023-01-12T22:25:44","guid":{"rendered":"https:\/\/podernacional.com\/?p=11656"},"modified":"2023-01-12T22:25:46","modified_gmt":"2023-01-12T22:25:46","slug":"hackeo-a-la-fiscalia-de-quintana-roo-investigan-filtracion-de-miles-de-denuncias-en-linea","status":"publish","type":"post","link":"https:\/\/podernacional.com\/?p=11656","title":{"rendered":"Hackeo a la Fiscal\u00eda de Quintana Roo: investigan filtraci\u00f3n de miles de denuncias en l\u00ednea"},"content":{"rendered":"<h4>La dependencia encabezada por \u00d3scar Montes de Oca inform\u00f3 que sus dem\u00e1s sistemas inform\u00e1ticos siguen operando con normalidad y no est\u00e1 en riesgo la informaci\u00f3n<\/h4>\n<p>Hackeo a la Fiscal\u00eda de Quintana Roo: La Fiscal\u00eda General del Estado de Quintana Roo sufri\u00f3 un ataque a sus sistemas inform\u00e1ticos por un supuesto \u201chacker\u201d.<\/p>\n<p>El cual fue\u00a0quien presuntamente sustrajo miles de denuncias en l\u00ednea y las public\u00f3 en un sitio web especializado en filtraci\u00f3n de documentos.<\/p>\n<p>De acuerdo con el Diario Oficial de la Federaci\u00f3n, la Comisi\u00f3n depender\u00e1 directamente del presidente L\u00f3pez Obrador.<\/p>\n<p>Adem\u00e1s de que\u00a0tendr\u00e1 la participaci\u00f3n de los representantes de las Unidades TIC<\/p>\n<p>La vulneraci\u00f3n a sus sistemas se registr\u00f3 en la madrugada del mi\u00e9rcoles 11 de enero y fue dada a conocer por usuarios en redes sociales.<\/p>\n<p>Un d\u00eda despu\u00e9s, la Fiscal\u00eda estatal confirm\u00f3 los hechos y advirti\u00f3 que ya se iniciaron con las investigaciones correspondientes por estas filtraciones.<\/p>\n<p>\u201cLa Fiscal\u00eda de Quintana Roo informa que inici\u00f3 una carpeta de investigaci\u00f3n por la sustracci\u00f3n de denuncias en l\u00ednea\u201d.<\/p>\n<p>\u201cLas cuales fueron\u00a0interpuestas de manera digital ante este organismo aut\u00f3nomo\u201d, se indic\u00f3.<\/p>\n<p>Fue a trav\u00e9s de la p\u00e1gina breached.vc que un usuario identificado como \u201cSc0rp10n\u201d public\u00f3 un archivo encriptado.<\/p>\n<h4>El cual cuenta\u00a0con cerca de 7 mil 910 denuncias en l\u00ednea en formato pdf.<\/h4>\n<p>Dicho usuario se\u00f1al\u00f3 una supuesta falta de protecci\u00f3n de seguridad en el sistema de la dependencia encabezada por el fiscal \u00d3scar Montes de Oca.<\/p>\n<p>\u201cLa Fiscal\u00eda General de Quintana Roo, a cargo de Oscar Montes de Oca Rosales, expone la seguridad de los ciudadanos nacionales.<\/p>\n<p>As\u00ed como de extranjeros de ese importante polo tur\u00edstico al no contar con ning\u00fan protocolo de seguridad.<\/p>\n<p>\u201cAl igual que de protecci\u00f3n de datos personales de su sistema de denuncias en l\u00ednea\u201d, se\u00f1al\u00f3 el supuesto hacker.<\/p>\n<p>Entre las miles de denuncias, el usuario indic\u00f3 que encontr\u00f3 \u201cmucha informaci\u00f3n sensible y crucial\u201d.<\/p>\n<p>El cual\u00a0podr\u00eda ayudar a resolver varios cr\u00edmenes perpetrados en Quintana Roo, como desaparici\u00f3n y trata de personas.<\/p>\n<p>As\u00ed como de\u00a0redes de prostituci\u00f3n infantil, narcomenudeo, secuestro, extorsiones, ejecuciones y corrupci\u00f3n de una diversidad de funcionarios p\u00fablicos y polic\u00edas.<\/p>\n<h4>Asimismo, en la filtraci\u00f3n se se\u00f1al\u00f3 que el fiscal \u00d3scar Montes de Oca supuestamente ignora una gran cantidad de denuncias.<\/h4>\n<p>Las cuales\u00a0se realizan en sus sistemas en l\u00ednea. \u201cEst\u00e1 involucrado en encubir diferentes cr\u00edmenes que se han reportado en la plataforma\u201d, asegur\u00f3 el hacker.<\/p>\n<p>Sin embargo, de acuerdo con la Fiscal\u00eda de Quintana Roo.<\/p>\n<p>As\u00ed como de\u00a0los formatos de denuncia filtrados tienen que ver con el extrav\u00edo de documentos, robos menores y amenazas.<\/p>\n<p>De esa manera, descart\u00f3 que los documentos publicados est\u00e9n relacionados con delitos de alto impacto.<\/p>\n<p>Ante esta situaci\u00f3n, se asegur\u00f3 que los dem\u00e1s sistemas inform\u00e1ticos de la instituci\u00f3n siguen operando en su normalidad.<\/p>\n<p>Hackeo a la Fiscal\u00eda de Quintana Roo: investigan filtraci\u00f3n<\/p>\n","protected":false},"excerpt":{"rendered":"<p>La dependencia encabezada por \u00d3scar Montes de Oca inform\u00f3 que sus dem\u00e1s sistemas inform\u00e1ticos siguen operando con normalidad y no est\u00e1 en riesgo la informaci\u00f3n Hackeo a la Fiscal\u00eda de Quintana Roo: La Fiscal\u00eda General del Estado de Quintana Roo sufri\u00f3 un ataque a sus sistemas inform\u00e1ticos por un supuesto \u201chacker\u201d. El cual fue\u00a0quien presuntamente [&hellip;]<\/p>\n","protected":false},"author":1,"featured_media":11658,"comment_status":"open","ping_status":"closed","sticky":false,"template":"","format":"standard","meta":{"footnotes":""},"categories":[13],"tags":[],"class_list":["post-11656","post","type-post","status-publish","format-standard","has-post-thumbnail","hentry","category-tecnologia"],"_links":{"self":[{"href":"https:\/\/podernacional.com\/index.php?rest_route=\/wp\/v2\/posts\/11656","targetHints":{"allow":["GET"]}}],"collection":[{"href":"https:\/\/podernacional.com\/index.php?rest_route=\/wp\/v2\/posts"}],"about":[{"href":"https:\/\/podernacional.com\/index.php?rest_route=\/wp\/v2\/types\/post"}],"author":[{"embeddable":true,"href":"https:\/\/podernacional.com\/index.php?rest_route=\/wp\/v2\/users\/1"}],"replies":[{"embeddable":true,"href":"https:\/\/podernacional.com\/index.php?rest_route=%2Fwp%2Fv2%2Fcomments&post=11656"}],"version-history":[{"count":1,"href":"https:\/\/podernacional.com\/index.php?rest_route=\/wp\/v2\/posts\/11656\/revisions"}],"predecessor-version":[{"id":11657,"href":"https:\/\/podernacional.com\/index.php?rest_route=\/wp\/v2\/posts\/11656\/revisions\/11657"}],"wp:featuredmedia":[{"embeddable":true,"href":"https:\/\/podernacional.com\/index.php?rest_route=\/wp\/v2\/media\/11658"}],"wp:attachment":[{"href":"https:\/\/podernacional.com\/index.php?rest_route=%2Fwp%2Fv2%2Fmedia&parent=11656"}],"wp:term":[{"taxonomy":"category","embeddable":true,"href":"https:\/\/podernacional.com\/index.php?rest_route=%2Fwp%2Fv2%2Fcategories&post=11656"},{"taxonomy":"post_tag","embeddable":true,"href":"https:\/\/podernacional.com\/index.php?rest_route=%2Fwp%2Fv2%2Ftags&post=11656"}],"curies":[{"name":"wp","href":"https:\/\/api.w.org\/{rel}","templated":true}]}}