{"id":11659,"date":"2023-01-13T17:39:30","date_gmt":"2023-01-13T22:39:30","guid":{"rendered":"https:\/\/podernacional.com\/?p=11659"},"modified":"2023-01-13T22:39:31","modified_gmt":"2023-01-13T22:39:31","slug":"pelicula-brasilena-mato-seco-em-chamas-gana-el-13-festival-cinema-tropical","status":"publish","type":"post","link":"https:\/\/podernacional.com\/?p=11659","title":{"rendered":"Pel\u00edcula brasile\u00f1a &quot;Mato Seco em chamas&quot; gana el 13 festival Cinema Tropical"},"content":{"rendered":"<h4>La pel\u00edcula brasile\u00f1a \u00abMato Seco em chamas\/Dry Ground Burning\u00bb gan\u00f3 anoche el 13 festival de Cinema Tropical en Nueva York.<\/h4>\n<p><a href=\"https:\/\/whatsappmexico.com\/\">Pel\u00edcula<\/a> brasile\u00f1a: El cual es un festival que promueve el cine independiente y al que concurren principalmente filmes producidos en Latinoam\u00e9rica o por latinos de Estados Unidos.<\/p>\n<p>\u00abMato Seco em chamas\u00bb, dirigida por Adirley Queir\u00f3s y Joana Pimenta, cuenta la historia de un grupo de mujeres de una favela.<\/p>\n<p>Las cuales\u00a0secuestra un oleoducto para vender petr\u00f3leo a los m\u00e1s pobres, contada en un tono que oscila entre la \u00abroad movie\u00bb.<\/p>\n<p>As\u00ed como del cine pol\u00edtico y la ciencia ficci\u00f3n.<\/p>\n<p>El galard\u00f3n a la mejor direcci\u00f3n se lo llev\u00f3 el argentino Maximiliano Schonfeld por \u00abJes\u00fas L\u00f3pez\u00bb.<\/p>\n<h4>Esto mientras que el premio a la mejor ficci\u00f3n novel fue para \u00abDos estaciones\u00bb, del mexicano Juan Pablo Gonz\u00e1lez.<\/h4>\n<p>En la categor\u00eda de Documentales, la ganadora fue la brasile\u00f1a \u00abO marinheiro das montanhas\u00bb, de Karim A\u00efnouz.<\/p>\n<p>Mientras que el mejor \u00abfilme latino US\u00bb (producido en Estados Unidos) fue \u00abBeba\u00bb de Rebeca Huntt.<\/p>\n<p>Concurrieron al festival 25 t\u00edtulos, que ten\u00edan que reunir las condiciones de tener un metraje m\u00ednimo de 60 minutos.<\/p>\n<p>As\u00ed como de haber sido estrenados entre el 1 de abril de 2021 y el 31 de marzo de 2022<\/p>\n<p>Pel\u00edcula brasile\u00f1a \u00abMato Seco em chamas\u00bb gana el 13 festival Cinema Tropical<\/p>\n","protected":false},"excerpt":{"rendered":"<p>La pel\u00edcula brasile\u00f1a \u00abMato Seco em chamas\/Dry Ground Burning\u00bb gan\u00f3 anoche el 13 festival de Cinema Tropical en Nueva York. Pel\u00edcula brasile\u00f1a: El cual es un festival que promueve el cine independiente y al que concurren principalmente filmes producidos en Latinoam\u00e9rica o por latinos de Estados Unidos. \u00abMato Seco em chamas\u00bb, dirigida por Adirley Queir\u00f3s [&hellip;]<\/p>\n","protected":false},"author":1,"featured_media":11661,"comment_status":"open","ping_status":"closed","sticky":false,"template":"","format":"standard","meta":{"footnotes":""},"categories":[2],"tags":[],"class_list":["post-11659","post","type-post","status-publish","format-standard","has-post-thumbnail","hentry","category-cultural"],"_links":{"self":[{"href":"https:\/\/podernacional.com\/index.php?rest_route=\/wp\/v2\/posts\/11659","targetHints":{"allow":["GET"]}}],"collection":[{"href":"https:\/\/podernacional.com\/index.php?rest_route=\/wp\/v2\/posts"}],"about":[{"href":"https:\/\/podernacional.com\/index.php?rest_route=\/wp\/v2\/types\/post"}],"author":[{"embeddable":true,"href":"https:\/\/podernacional.com\/index.php?rest_route=\/wp\/v2\/users\/1"}],"replies":[{"embeddable":true,"href":"https:\/\/podernacional.com\/index.php?rest_route=%2Fwp%2Fv2%2Fcomments&post=11659"}],"version-history":[{"count":1,"href":"https:\/\/podernacional.com\/index.php?rest_route=\/wp\/v2\/posts\/11659\/revisions"}],"predecessor-version":[{"id":11660,"href":"https:\/\/podernacional.com\/index.php?rest_route=\/wp\/v2\/posts\/11659\/revisions\/11660"}],"wp:featuredmedia":[{"embeddable":true,"href":"https:\/\/podernacional.com\/index.php?rest_route=\/wp\/v2\/media\/11661"}],"wp:attachment":[{"href":"https:\/\/podernacional.com\/index.php?rest_route=%2Fwp%2Fv2%2Fmedia&parent=11659"}],"wp:term":[{"taxonomy":"category","embeddable":true,"href":"https:\/\/podernacional.com\/index.php?rest_route=%2Fwp%2Fv2%2Fcategories&post=11659"},{"taxonomy":"post_tag","embeddable":true,"href":"https:\/\/podernacional.com\/index.php?rest_route=%2Fwp%2Fv2%2Ftags&post=11659"}],"curies":[{"name":"wp","href":"https:\/\/api.w.org\/{rel}","templated":true}]}}